{"id":1934,"date":"2022-04-21T10:28:29","date_gmt":"2022-04-21T14:28:29","guid":{"rendered":"https:\/\/www.fondationdegaspebeaubien.org\/?p=1934"},"modified":"2022-04-21T10:28:29","modified_gmt":"2022-04-21T14:28:29","slug":"aquaentrepreneur-quebec-program","status":"publish","type":"post","link":"https:\/\/www.fondationdegaspebeaubien.org\/en\/aquaentrepreneur-quebec-program\/","title":{"rendered":"2.1 Million for the AquaEntrepreneur Qu\u00e9bec Program"},"content":{"rendered":"<p><span style=\"font-weight: 400;\">The Minist\u00e8re de l&#8217;\u00c9conomie et de l&#8217;Innovation has granted more than $2 million in funding to the <\/span><a href=\"https:\/\/aquaaction.org\/our-programs\/aquaentrepreneur\/\"><span style=\"font-weight: 400;\">AquaEntrepreneur Qu\u00e9bec program<\/span><\/a><span style=\"font-weight: 400;\">. This program fills an important gap in the water technology development and commercialization cycle by helping water technology companies move their solutions from lab to market. The AquaEntrepreneur Quebec program will be launched across the province. <\/span><\/p>\n<p><span style=\"font-weight: 400;\">Find out more about this new funding.<\/span><\/p>\n","protected":false},"excerpt":{"rendered":"<p>The Minist\u00e8re de l&#8217;\u00c9conomie et de l&#8217;Innovation has granted more than $2 million in funding to the AquaEntrepreneur Qu\u00e9bec program. This program fills an important gap in the water technology development and commercialization cycle by helping water technology companies move their solutions from lab to market. The AquaEntrepreneur Quebec program will be launched across the [&hellip;]<\/p>\n","protected":false},"author":1,"featured_media":1932,"comment_status":"open","ping_status":"open","sticky":false,"template":"","format":"standard","meta":{"_acf_changed":false,"footnotes":""},"categories":[69],"tags":[],"class_list":["post-1934","post","type-post","status-publish","format-standard","has-post-thumbnail","hentry","category-aquaaction"],"acf":[],"yoast_head":"<!-- This site is optimized with the Yoast SEO plugin v27.3 - https:\/\/yoast.com\/product\/yoast-seo-wordpress\/ -->\n<title>2.1 Million for the AquaEntrepreneur Qu\u00e9bec Program - The<\/title>\n<meta name=\"description\" content=\"The Minist\u00e8re de l&#039;\u00c9conomie et de l&#039;Innovation has granted more than $2 million in funding to the AquaEntrepreneur Qu\u00e9bec program.\" \/>\n<meta name=\"robots\" content=\"index, follow, max-snippet:-1, max-image-preview:large, max-video-preview:-1\" \/>\n<link rel=\"canonical\" href=\"https:\/\/www.fondationdegaspebeaubien.org\/fr\/programme-aquaentrepreneur-quebec\/\" \/>\n<meta property=\"og:locale\" content=\"en_US\" \/>\n<meta property=\"og:type\" content=\"article\" \/>\n<meta property=\"og:title\" content=\"2.1 Million for the AquaEntrepreneur Qu\u00e9bec Program - The\" \/>\n<meta property=\"og:description\" content=\"The Minist\u00e8re de l&#039;\u00c9conomie et de l&#039;Innovation has granted more than $2 million in funding to the AquaEntrepreneur Qu\u00e9bec program.\" \/>\n<meta property=\"og:url\" content=\"https:\/\/www.fondationdegaspebeaubien.org\/fr\/programme-aquaentrepreneur-quebec\/\" \/>\n<meta property=\"og:site_name\" content=\"The\" \/>\n<meta property=\"article:published_time\" content=\"2022-04-21T14:28:29+00:00\" \/>\n<meta property=\"og:image\" content=\"https:\/\/www.fondationdegaspebeaubien.org\/wp-content\/uploads\/2022\/03\/financement-pour-le-programme-AquaEntrepreneur-Que\u0301bec-1024x576.png\" \/>\n\t<meta property=\"og:image:width\" content=\"1024\" \/>\n\t<meta property=\"og:image:height\" content=\"576\" \/>\n\t<meta property=\"og:image:type\" content=\"image\/png\" \/>\n<meta name=\"author\" content=\"smartbugmedia\" \/>\n<meta name=\"twitter:card\" content=\"summary_large_image\" \/>\n<meta name=\"twitter:label1\" content=\"Written by\" \/>\n\t<meta name=\"twitter:data1\" content=\"smartbugmedia\" \/>\n<script type=\"application\/ld+json\" class=\"yoast-schema-graph\">{\"@context\":\"https:\\\/\\\/schema.org\",\"@graph\":[{\"@type\":\"Article\",\"@id\":\"https:\\\/\\\/www.fondationdegaspebeaubien.org\\\/fr\\\/programme-aquaentrepreneur-quebec\\\/#article\",\"isPartOf\":{\"@id\":\"https:\\\/\\\/www.fondationdegaspebeaubien.org\\\/fr\\\/programme-aquaentrepreneur-quebec\\\/\"},\"author\":{\"name\":\"smartbugmedia\",\"@id\":\"https:\\\/\\\/www.fondationdegaspebeaubien.org\\\/en\\\/#\\\/schema\\\/person\\\/e84c883213d8e6cb00f1775074c74263\"},\"headline\":\"2.1 Million for the AquaEntrepreneur Qu\u00e9bec Program\",\"datePublished\":\"2022-04-21T14:28:29+00:00\",\"mainEntityOfPage\":{\"@id\":\"https:\\\/\\\/www.fondationdegaspebeaubien.org\\\/fr\\\/programme-aquaentrepreneur-quebec\\\/\"},\"wordCount\":72,\"commentCount\":0,\"image\":{\"@id\":\"https:\\\/\\\/www.fondationdegaspebeaubien.org\\\/fr\\\/programme-aquaentrepreneur-quebec\\\/#primaryimage\"},\"thumbnailUrl\":\"https:\\\/\\\/www.fondationdegaspebeaubien.org\\\/wp-content\\\/uploads\\\/2022\\\/03\\\/financement-pour-le-programme-AquaEntrepreneur-Que\u0301bec.png\",\"articleSection\":[\"AquaAction\"],\"inLanguage\":\"en-US\",\"potentialAction\":[{\"@type\":\"CommentAction\",\"name\":\"Comment\",\"target\":[\"https:\\\/\\\/www.fondationdegaspebeaubien.org\\\/fr\\\/programme-aquaentrepreneur-quebec\\\/#respond\"]}]},{\"@type\":\"WebPage\",\"@id\":\"https:\\\/\\\/www.fondationdegaspebeaubien.org\\\/fr\\\/programme-aquaentrepreneur-quebec\\\/\",\"url\":\"https:\\\/\\\/www.fondationdegaspebeaubien.org\\\/fr\\\/programme-aquaentrepreneur-quebec\\\/\",\"name\":\"2.1 Million for the AquaEntrepreneur Qu\u00e9bec Program - The\",\"isPartOf\":{\"@id\":\"https:\\\/\\\/www.fondationdegaspebeaubien.org\\\/en\\\/#website\"},\"primaryImageOfPage\":{\"@id\":\"https:\\\/\\\/www.fondationdegaspebeaubien.org\\\/fr\\\/programme-aquaentrepreneur-quebec\\\/#primaryimage\"},\"image\":{\"@id\":\"https:\\\/\\\/www.fondationdegaspebeaubien.org\\\/fr\\\/programme-aquaentrepreneur-quebec\\\/#primaryimage\"},\"thumbnailUrl\":\"https:\\\/\\\/www.fondationdegaspebeaubien.org\\\/wp-content\\\/uploads\\\/2022\\\/03\\\/financement-pour-le-programme-AquaEntrepreneur-Que\u0301bec.png\",\"datePublished\":\"2022-04-21T14:28:29+00:00\",\"author\":{\"@id\":\"https:\\\/\\\/www.fondationdegaspebeaubien.org\\\/en\\\/#\\\/schema\\\/person\\\/e84c883213d8e6cb00f1775074c74263\"},\"description\":\"The Minist\u00e8re de l'\u00c9conomie et de l'Innovation has granted more than $2 million in funding to the AquaEntrepreneur Qu\u00e9bec program.\",\"breadcrumb\":{\"@id\":\"https:\\\/\\\/www.fondationdegaspebeaubien.org\\\/fr\\\/programme-aquaentrepreneur-quebec\\\/#breadcrumb\"},\"inLanguage\":\"en-US\",\"potentialAction\":[{\"@type\":\"ReadAction\",\"target\":[\"https:\\\/\\\/www.fondationdegaspebeaubien.org\\\/fr\\\/programme-aquaentrepreneur-quebec\\\/\"]}]},{\"@type\":\"ImageObject\",\"inLanguage\":\"en-US\",\"@id\":\"https:\\\/\\\/www.fondationdegaspebeaubien.org\\\/fr\\\/programme-aquaentrepreneur-quebec\\\/#primaryimage\",\"url\":\"https:\\\/\\\/www.fondationdegaspebeaubien.org\\\/wp-content\\\/uploads\\\/2022\\\/03\\\/financement-pour-le-programme-AquaEntrepreneur-Que\u0301bec.png\",\"contentUrl\":\"https:\\\/\\\/www.fondationdegaspebeaubien.org\\\/wp-content\\\/uploads\\\/2022\\\/03\\\/financement-pour-le-programme-AquaEntrepreneur-Que\u0301bec.png\",\"width\":1600,\"height\":900,\"caption\":\"Programme AquaEntrepreneur Qu\u00e9bec\"},{\"@type\":\"BreadcrumbList\",\"@id\":\"https:\\\/\\\/www.fondationdegaspebeaubien.org\\\/fr\\\/programme-aquaentrepreneur-quebec\\\/#breadcrumb\",\"itemListElement\":[{\"@type\":\"ListItem\",\"position\":1,\"name\":\"Home\",\"item\":\"https:\\\/\\\/www.fondationdegaspebeaubien.org\\\/en\\\/\"},{\"@type\":\"ListItem\",\"position\":2,\"name\":\"2.1 Million for the AquaEntrepreneur Qu\u00e9bec Program\"}]},{\"@type\":\"WebSite\",\"@id\":\"https:\\\/\\\/www.fondationdegaspebeaubien.org\\\/en\\\/#website\",\"url\":\"https:\\\/\\\/www.fondationdegaspebeaubien.org\\\/en\\\/\",\"name\":\"The\",\"description\":\"Appuyer le changement au sein de la communaut\u00e9\",\"potentialAction\":[{\"@type\":\"SearchAction\",\"target\":{\"@type\":\"EntryPoint\",\"urlTemplate\":\"https:\\\/\\\/www.fondationdegaspebeaubien.org\\\/en\\\/?s={search_term_string}\"},\"query-input\":{\"@type\":\"PropertyValueSpecification\",\"valueRequired\":true,\"valueName\":\"search_term_string\"}}],\"inLanguage\":\"en-US\"},{\"@type\":\"Person\",\"@id\":\"https:\\\/\\\/www.fondationdegaspebeaubien.org\\\/en\\\/#\\\/schema\\\/person\\\/e84c883213d8e6cb00f1775074c74263\",\"name\":\"smartbugmedia\",\"image\":{\"@type\":\"ImageObject\",\"inLanguage\":\"en-US\",\"@id\":\"https:\\\/\\\/secure.gravatar.com\\\/avatar\\\/97b857c2b07334a0c01d0a4c9531e3bbfbced011ed68c984b0e56002a21bde47?s=96&d=mm&r=g\",\"url\":\"https:\\\/\\\/secure.gravatar.com\\\/avatar\\\/97b857c2b07334a0c01d0a4c9531e3bbfbced011ed68c984b0e56002a21bde47?s=96&d=mm&r=g\",\"contentUrl\":\"https:\\\/\\\/secure.gravatar.com\\\/avatar\\\/97b857c2b07334a0c01d0a4c9531e3bbfbced011ed68c984b0e56002a21bde47?s=96&d=mm&r=g\",\"caption\":\"smartbugmedia\"},\"url\":\"https:\\\/\\\/www.fondationdegaspebeaubien.org\\\/en\\\/author\\\/cms\\\/\"}]}<\/script>\n<!-- \/ Yoast SEO plugin. -->","yoast_head_json":{"title":"2.1 Million for the AquaEntrepreneur Qu\u00e9bec Program - The","description":"The Minist\u00e8re de l'\u00c9conomie et de l'Innovation has granted more than $2 million in funding to the AquaEntrepreneur Qu\u00e9bec program.","robots":{"index":"index","follow":"follow","max-snippet":"max-snippet:-1","max-image-preview":"max-image-preview:large","max-video-preview":"max-video-preview:-1"},"canonical":"https:\/\/www.fondationdegaspebeaubien.org\/fr\/programme-aquaentrepreneur-quebec\/","og_locale":"en_US","og_type":"article","og_title":"2.1 Million for the AquaEntrepreneur Qu\u00e9bec Program - The","og_description":"The Minist\u00e8re de l'\u00c9conomie et de l'Innovation has granted more than $2 million in funding to the AquaEntrepreneur Qu\u00e9bec program.","og_url":"https:\/\/www.fondationdegaspebeaubien.org\/fr\/programme-aquaentrepreneur-quebec\/","og_site_name":"The","article_published_time":"2022-04-21T14:28:29+00:00","og_image":[{"width":1024,"height":576,"url":"https:\/\/www.fondationdegaspebeaubien.org\/wp-content\/uploads\/2022\/03\/financement-pour-le-programme-AquaEntrepreneur-Que\u0301bec-1024x576.png","type":"image\/png"}],"author":"smartbugmedia","twitter_card":"summary_large_image","twitter_misc":{"Written by":"smartbugmedia"},"schema":{"@context":"https:\/\/schema.org","@graph":[{"@type":"Article","@id":"https:\/\/www.fondationdegaspebeaubien.org\/fr\/programme-aquaentrepreneur-quebec\/#article","isPartOf":{"@id":"https:\/\/www.fondationdegaspebeaubien.org\/fr\/programme-aquaentrepreneur-quebec\/"},"author":{"name":"smartbugmedia","@id":"https:\/\/www.fondationdegaspebeaubien.org\/en\/#\/schema\/person\/e84c883213d8e6cb00f1775074c74263"},"headline":"2.1 Million for the AquaEntrepreneur Qu\u00e9bec Program","datePublished":"2022-04-21T14:28:29+00:00","mainEntityOfPage":{"@id":"https:\/\/www.fondationdegaspebeaubien.org\/fr\/programme-aquaentrepreneur-quebec\/"},"wordCount":72,"commentCount":0,"image":{"@id":"https:\/\/www.fondationdegaspebeaubien.org\/fr\/programme-aquaentrepreneur-quebec\/#primaryimage"},"thumbnailUrl":"https:\/\/www.fondationdegaspebeaubien.org\/wp-content\/uploads\/2022\/03\/financement-pour-le-programme-AquaEntrepreneur-Que\u0301bec.png","articleSection":["AquaAction"],"inLanguage":"en-US","potentialAction":[{"@type":"CommentAction","name":"Comment","target":["https:\/\/www.fondationdegaspebeaubien.org\/fr\/programme-aquaentrepreneur-quebec\/#respond"]}]},{"@type":"WebPage","@id":"https:\/\/www.fondationdegaspebeaubien.org\/fr\/programme-aquaentrepreneur-quebec\/","url":"https:\/\/www.fondationdegaspebeaubien.org\/fr\/programme-aquaentrepreneur-quebec\/","name":"2.1 Million for the AquaEntrepreneur Qu\u00e9bec Program - The","isPartOf":{"@id":"https:\/\/www.fondationdegaspebeaubien.org\/en\/#website"},"primaryImageOfPage":{"@id":"https:\/\/www.fondationdegaspebeaubien.org\/fr\/programme-aquaentrepreneur-quebec\/#primaryimage"},"image":{"@id":"https:\/\/www.fondationdegaspebeaubien.org\/fr\/programme-aquaentrepreneur-quebec\/#primaryimage"},"thumbnailUrl":"https:\/\/www.fondationdegaspebeaubien.org\/wp-content\/uploads\/2022\/03\/financement-pour-le-programme-AquaEntrepreneur-Que\u0301bec.png","datePublished":"2022-04-21T14:28:29+00:00","author":{"@id":"https:\/\/www.fondationdegaspebeaubien.org\/en\/#\/schema\/person\/e84c883213d8e6cb00f1775074c74263"},"description":"The Minist\u00e8re de l'\u00c9conomie et de l'Innovation has granted more than $2 million in funding to the AquaEntrepreneur Qu\u00e9bec program.","breadcrumb":{"@id":"https:\/\/www.fondationdegaspebeaubien.org\/fr\/programme-aquaentrepreneur-quebec\/#breadcrumb"},"inLanguage":"en-US","potentialAction":[{"@type":"ReadAction","target":["https:\/\/www.fondationdegaspebeaubien.org\/fr\/programme-aquaentrepreneur-quebec\/"]}]},{"@type":"ImageObject","inLanguage":"en-US","@id":"https:\/\/www.fondationdegaspebeaubien.org\/fr\/programme-aquaentrepreneur-quebec\/#primaryimage","url":"https:\/\/www.fondationdegaspebeaubien.org\/wp-content\/uploads\/2022\/03\/financement-pour-le-programme-AquaEntrepreneur-Que\u0301bec.png","contentUrl":"https:\/\/www.fondationdegaspebeaubien.org\/wp-content\/uploads\/2022\/03\/financement-pour-le-programme-AquaEntrepreneur-Que\u0301bec.png","width":1600,"height":900,"caption":"Programme AquaEntrepreneur Qu\u00e9bec"},{"@type":"BreadcrumbList","@id":"https:\/\/www.fondationdegaspebeaubien.org\/fr\/programme-aquaentrepreneur-quebec\/#breadcrumb","itemListElement":[{"@type":"ListItem","position":1,"name":"Home","item":"https:\/\/www.fondationdegaspebeaubien.org\/en\/"},{"@type":"ListItem","position":2,"name":"2.1 Million for the AquaEntrepreneur Qu\u00e9bec Program"}]},{"@type":"WebSite","@id":"https:\/\/www.fondationdegaspebeaubien.org\/en\/#website","url":"https:\/\/www.fondationdegaspebeaubien.org\/en\/","name":"The","description":"Appuyer le changement au sein de la communaut\u00e9","potentialAction":[{"@type":"SearchAction","target":{"@type":"EntryPoint","urlTemplate":"https:\/\/www.fondationdegaspebeaubien.org\/en\/?s={search_term_string}"},"query-input":{"@type":"PropertyValueSpecification","valueRequired":true,"valueName":"search_term_string"}}],"inLanguage":"en-US"},{"@type":"Person","@id":"https:\/\/www.fondationdegaspebeaubien.org\/en\/#\/schema\/person\/e84c883213d8e6cb00f1775074c74263","name":"smartbugmedia","image":{"@type":"ImageObject","inLanguage":"en-US","@id":"https:\/\/secure.gravatar.com\/avatar\/97b857c2b07334a0c01d0a4c9531e3bbfbced011ed68c984b0e56002a21bde47?s=96&d=mm&r=g","url":"https:\/\/secure.gravatar.com\/avatar\/97b857c2b07334a0c01d0a4c9531e3bbfbced011ed68c984b0e56002a21bde47?s=96&d=mm&r=g","contentUrl":"https:\/\/secure.gravatar.com\/avatar\/97b857c2b07334a0c01d0a4c9531e3bbfbced011ed68c984b0e56002a21bde47?s=96&d=mm&r=g","caption":"smartbugmedia"},"url":"https:\/\/www.fondationdegaspebeaubien.org\/en\/author\/cms\/"}]}},"_links":{"self":[{"href":"https:\/\/www.fondationdegaspebeaubien.org\/en\/wp-json\/wp\/v2\/posts\/1934","targetHints":{"allow":["GET"]}}],"collection":[{"href":"https:\/\/www.fondationdegaspebeaubien.org\/en\/wp-json\/wp\/v2\/posts"}],"about":[{"href":"https:\/\/www.fondationdegaspebeaubien.org\/en\/wp-json\/wp\/v2\/types\/post"}],"author":[{"embeddable":true,"href":"https:\/\/www.fondationdegaspebeaubien.org\/en\/wp-json\/wp\/v2\/users\/1"}],"replies":[{"embeddable":true,"href":"https:\/\/www.fondationdegaspebeaubien.org\/en\/wp-json\/wp\/v2\/comments?post=1934"}],"version-history":[{"count":1,"href":"https:\/\/www.fondationdegaspebeaubien.org\/en\/wp-json\/wp\/v2\/posts\/1934\/revisions"}],"predecessor-version":[{"id":1935,"href":"https:\/\/www.fondationdegaspebeaubien.org\/en\/wp-json\/wp\/v2\/posts\/1934\/revisions\/1935"}],"wp:featuredmedia":[{"embeddable":true,"href":"https:\/\/www.fondationdegaspebeaubien.org\/en\/wp-json\/wp\/v2\/media\/1932"}],"wp:attachment":[{"href":"https:\/\/www.fondationdegaspebeaubien.org\/en\/wp-json\/wp\/v2\/media?parent=1934"}],"wp:term":[{"taxonomy":"category","embeddable":true,"href":"https:\/\/www.fondationdegaspebeaubien.org\/en\/wp-json\/wp\/v2\/categories?post=1934"},{"taxonomy":"post_tag","embeddable":true,"href":"https:\/\/www.fondationdegaspebeaubien.org\/en\/wp-json\/wp\/v2\/tags?post=1934"}],"curies":[{"name":"wp","href":"https:\/\/api.w.org\/{rel}","templated":true}]}}