{"id":2495,"date":"2024-01-24T07:42:59","date_gmt":"2024-01-24T12:42:59","guid":{"rendered":"https:\/\/www.fondationdegaspebeaubien.org\/?p=2495"},"modified":"2024-01-23T15:46:16","modified_gmt":"2024-01-23T20:46:16","slug":"entrepreneurship-in-the-de-gaspe-beaubien-museum","status":"publish","type":"post","link":"https:\/\/www.fondationdegaspebeaubien.org\/en\/entrepreneurship-in-the-de-gaspe-beaubien-museum\/","title":{"rendered":"Showcasing Entrepreneurship in the de Gasp\u00e9 Beaubien Museum"},"content":{"rendered":"<p>Canada has a rich entrepreneurial history. Unfortunately, it is very little known. To continue innovating and evolving, the innovators of today need to understand the past and the people who helped shape it. Proud of their multigenerational entrepreneurial involvement, the de Gasp\u00e9 Beaubien family has decided to throw itself into the highlighting and popularization of this entrepreneurial history through a virtual experience: the de Gasp\u00e9 Beaubien Museum.<\/p>\n<p style=\"text-align: center;\"><a href=\"https:\/\/degaspebeaubienmuseum.com\/\"><span style=\"font-weight: 400;\">Visit the de Gasp\u00e9 Beaubien Museum!<\/span><\/a><\/p>\n<h2>What is the de Gasp\u00e9 Beaubien Museum?<\/h2>\n<p>The de Gasp\u00e9 Beaubien Museum is entirely virtual and free. It is a digital experience accessible to everyone that presents 400 years of history with the help of the autobiographical stories of 10 bold and determined men and women.<\/p>\n<p>Everything is accessible online at <a href=\"https:\/\/degaspebeaubienmuseum.com\/\">degaspebeaubienmuseum.com<\/a>. There you will find photographs of unique historical artefacts; cards, portraits, photographs, artwork, novels, patents of nobility granted by King Louis XIV\u2026 all of these photos help to make the stories being told tangible and immerse us in these important people\u2019s daily lives.<\/p>\n<p><a href=\"https:\/\/museedegaspebeaubien.com\/\"><img loading=\"lazy\" decoding=\"async\" class=\"alignnone size-full wp-image-2492\" src=\"https:\/\/www.fondationdegaspebeaubien.org\/wp-content\/uploads\/2024\/01\/Fondation-de-gaspe-beaubien-extrait-lettre-de-noblesse-musee-de-gaspe-beaubien-blogue-1200x300-1.png\" alt=\"Extrait de lettre de noblesse pr\u00e9sent\u00e9e dans le Mus\u00e9e de Gasp\u00e9 Beaubien\" width=\"1200\" height=\"300\" srcset=\"https:\/\/www.fondationdegaspebeaubien.org\/wp-content\/uploads\/2024\/01\/Fondation-de-gaspe-beaubien-extrait-lettre-de-noblesse-musee-de-gaspe-beaubien-blogue-1200x300-1.png 1200w, https:\/\/www.fondationdegaspebeaubien.org\/wp-content\/uploads\/2024\/01\/Fondation-de-gaspe-beaubien-extrait-lettre-de-noblesse-musee-de-gaspe-beaubien-blogue-1200x300-1-300x75.png 300w, https:\/\/www.fondationdegaspebeaubien.org\/wp-content\/uploads\/2024\/01\/Fondation-de-gaspe-beaubien-extrait-lettre-de-noblesse-musee-de-gaspe-beaubien-blogue-1200x300-1-1024x256.png 1024w, https:\/\/www.fondationdegaspebeaubien.org\/wp-content\/uploads\/2024\/01\/Fondation-de-gaspe-beaubien-extrait-lettre-de-noblesse-musee-de-gaspe-beaubien-blogue-1200x300-1-768x192.png 768w\" sizes=\"auto, (max-width: 1200px) 100vw, 1200px\" \/><\/a><\/p>\n<h2>Knowing Where We Come From<\/h2>\n<p>Understanding our roots is an essential part of navigating in the present and creating our future. Our ancestors are invisible architects who hold the plans of our past. For <a href=\"https:\/\/www.fondationdegaspebeaubien.org\/en\/board-members\/philippe-ii\/\">Philippe II de Gasp\u00e9 Beaubien<\/a>, it was a question of identity.<\/p>\n<p>\u201cAfter the death of my mother and the resulting solitude of my father, I began to question my place in the world. The stories of my forebears brought me a sense of self and I wanted the same for my offspring. I wanted to expand the historical research which led me to hire an historian to continue the research.\u201d explains the patriarch of the de Gasp\u00e9 Beaubien family.<\/p>\n<h2>A Long-Term Project<\/h2>\n<p>In the early 70s, Philippe II de Gasp\u00e9 Beaubien hired the historian Helene-Andree Bizier to start the research and bring to light the story of his ancestors. The Museum\u2019s texts are inspired by the historian\u2019s work, Les 6 Clans de la Maison de Gasp\u00e9 Beaubien. At the same time, he hired Dr. Schwarts \u201cle chercheur de tr\u00e9sor\u201d to find family artifacts which have become treasured items for the Museum.<\/p>\n<p>As you will see in the Museum: \u201cFrom Charles Aubert de La Chesnaye, the first millionaire in North America, to Philippe de Gasp\u00e9 Beaubien, mayor of Expo 67 and creator of a media empire, the history of the de Gasp\u00e9 Beaubien family shows that the roots of entrepreneurship in Quebec go back a long way.\u201d<\/p>\n<p><a href=\"https:\/\/museedegaspebeaubien.com\/\"><img loading=\"lazy\" decoding=\"async\" class=\"alignnone size-full wp-image-2341\" src=\"https:\/\/www.fondationdegaspebeaubien.org\/wp-content\/uploads\/2023\/11\/photo9.jpg\" alt=\"Portraits de certaines des personnalit\u00e9s pr\u00e9sent\u00e9es dans le Mus\u00e9e de Gasp\u00e9 Beaubien\" width=\"1920\" height=\"500\" srcset=\"https:\/\/www.fondationdegaspebeaubien.org\/wp-content\/uploads\/2023\/11\/photo9.jpg 1920w, https:\/\/www.fondationdegaspebeaubien.org\/wp-content\/uploads\/2023\/11\/photo9-300x78.jpg 300w, https:\/\/www.fondationdegaspebeaubien.org\/wp-content\/uploads\/2023\/11\/photo9-1024x267.jpg 1024w, https:\/\/www.fondationdegaspebeaubien.org\/wp-content\/uploads\/2023\/11\/photo9-768x200.jpg 768w, https:\/\/www.fondationdegaspebeaubien.org\/wp-content\/uploads\/2023\/11\/photo9-1536x400.jpg 1536w\" sizes=\"auto, (max-width: 1920px) 100vw, 1920px\" \/><\/a><\/p>\n<h2>Learning for Everyone<\/h2>\n<p>At the start, all of this genealogical and historical research was a personal project for Philippe. He planned to share his discoveries with his children and save family artifacts for future generations, but nothing more.<\/p>\n<p>However, the more the family members found out, the more they encouraged Philippe II to make the uncovered stories public. The opinion of the children and grandchildren was unanimous: these stories and discoveries had to be shared.<\/p>\n<p>\u201cThese stories are so interesting. If they can be useful to us, they could also be useful to others. We can be proud of our heritage, so why not share it?\u201d &#8211; Philippe III de Gasp\u00e9 Beaubien<\/p>\n<p>Philippe II explains: \u201dI personally have been greatly inspired by my ancestors throughout my entrepreneurial career. In my moments of great doubt or even failure, they showed me the way to continue persevering\u2026 If their stories can inspire or encourage even one more person, it will be worth it.\u201d<\/p>\n<h2>Develop your Entrepreneurial Spirit with the de Gasp\u00e9 Beaubien Museum<\/h2>\n<p><span style=\"font-weight: 400;\">With their numerous entrepreneurial experiences (Expo 67, Telemedia, <a href=\"https:\/\/www.fondationdegaspebeaubien.org\/en\/did-you-know-participaction-is-a-de-gaspe-beaubien-initiative\/\">Participaction<\/a>\u2026), <a href=\"https:\/\/www.fondationdegaspebeaubien.org\/en\/over-30-years-of-involvement-and-innovation-for-the-foundation\/\">over 30 years of involvement and innovation with the de Gasp\u00e9 Beaubien Foundation<\/a>, and now the<a href=\"https:\/\/www.fondationdegaspebeaubien.org\/en\/de-gaspe-beaubien-museum\/\"> launch of the de Gasp\u00e9 Beaubien Museum<\/a>, Philippe II and Nan-b believe more than ever in the strength of the family and the opportunity to learn from their ancestors. \u201cAccording to us, all of these stories and our own experience demonstrate the strength of the family and family values. For us, the family and the enterprise make one. We are stronger together. We go further. Vade Ultra.\u201d<\/span><\/p>\n<p><span style=\"font-weight: 400;\">The de Gasp\u00e9 Beaubien Museum is the perfect occasion for people, both young and old, to learn more about Quebec and Canada\u2019s entrepreneurial history. <a href=\"https:\/\/degaspebeaubienmuseum.com\/\">Explore the de Gasp\u00e9 Beaubien Museum<\/a> now to increase your knowledge and inspire your entrepreneurial spirit.<\/span><\/p>\n","protected":false},"excerpt":{"rendered":"<p>Canada has a rich entrepreneurial history. Unfortunately, it is very little known. To continue innovating and evolving, the innovators of today need to understand the past and the people who helped shape it. Proud of their multigenerational entrepreneurial involvement, the de Gasp\u00e9 Beaubien family has decided to throw itself into the highlighting and popularization of [&hellip;]<\/p>\n","protected":false},"author":1,"featured_media":2491,"comment_status":"open","ping_status":"open","sticky":false,"template":"","format":"standard","meta":{"_acf_changed":false,"footnotes":""},"categories":[151],"tags":[],"class_list":["post-2495","post","type-post","status-publish","format-standard","has-post-thumbnail","hentry","category-de-gaspe-beaubien-museum"],"acf":[],"yoast_head":"<!-- This site is optimized with the Yoast SEO plugin v27.3 - https:\/\/yoast.com\/product\/yoast-seo-wordpress\/ -->\n<title>Showcasing Entrepreneurship in the de Gasp\u00e9 Beaubien Museum - The<\/title>\n<meta name=\"description\" content=\"The de Gasp\u00e9 Beaubien family launches the de Gasp\u00e9 Beaubien Museum to promote and showcase entrepreneurship.\" \/>\n<meta name=\"robots\" content=\"index, follow, max-snippet:-1, max-image-preview:large, max-video-preview:-1\" \/>\n<link rel=\"canonical\" href=\"https:\/\/www.fondationdegaspebeaubien.org\/fr\/valoriser-entrepreneuriat-musee-de-gaspe-beaubien\/\" \/>\n<meta property=\"og:locale\" content=\"en_US\" \/>\n<meta property=\"og:type\" content=\"article\" \/>\n<meta property=\"og:title\" content=\"Showcasing Entrepreneurship in the de Gasp\u00e9 Beaubien Museum - The\" \/>\n<meta property=\"og:description\" content=\"The de Gasp\u00e9 Beaubien family launches the de Gasp\u00e9 Beaubien Museum to promote and showcase entrepreneurship.\" \/>\n<meta property=\"og:url\" content=\"https:\/\/www.fondationdegaspebeaubien.org\/fr\/valoriser-entrepreneuriat-musee-de-gaspe-beaubien\/\" \/>\n<meta property=\"og:site_name\" content=\"The\" \/>\n<meta property=\"article:published_time\" content=\"2024-01-24T12:42:59+00:00\" \/>\n<meta property=\"og:image\" content=\"https:\/\/www.fondationdegaspebeaubien.org\/wp-content\/uploads\/2024\/01\/fdgb-musee-monsieur-de-gaspe-beaubien-extrait-documentaire-04_image_03_Correction.jpeg\" \/>\n\t<meta property=\"og:image:width\" content=\"1920\" \/>\n\t<meta property=\"og:image:height\" content=\"1080\" \/>\n\t<meta property=\"og:image:type\" content=\"image\/jpeg\" \/>\n<meta name=\"author\" content=\"smartbugmedia\" \/>\n<meta name=\"twitter:card\" content=\"summary_large_image\" \/>\n<meta name=\"twitter:label1\" content=\"Written by\" \/>\n\t<meta name=\"twitter:data1\" content=\"smartbugmedia\" \/>\n\t<meta name=\"twitter:label2\" content=\"Est. reading time\" \/>\n\t<meta name=\"twitter:data2\" content=\"5 minutes\" \/>\n<script type=\"application\/ld+json\" class=\"yoast-schema-graph\">{\"@context\":\"https:\\\/\\\/schema.org\",\"@graph\":[{\"@type\":\"Article\",\"@id\":\"https:\\\/\\\/www.fondationdegaspebeaubien.org\\\/fr\\\/valoriser-entrepreneuriat-musee-de-gaspe-beaubien\\\/#article\",\"isPartOf\":{\"@id\":\"https:\\\/\\\/www.fondationdegaspebeaubien.org\\\/fr\\\/valoriser-entrepreneuriat-musee-de-gaspe-beaubien\\\/\"},\"author\":{\"name\":\"smartbugmedia\",\"@id\":\"https:\\\/\\\/www.fondationdegaspebeaubien.org\\\/en\\\/#\\\/schema\\\/person\\\/e84c883213d8e6cb00f1775074c74263\"},\"headline\":\"Showcasing Entrepreneurship in the de Gasp\u00e9 Beaubien Museum\",\"datePublished\":\"2024-01-24T12:42:59+00:00\",\"mainEntityOfPage\":{\"@id\":\"https:\\\/\\\/www.fondationdegaspebeaubien.org\\\/fr\\\/valoriser-entrepreneuriat-musee-de-gaspe-beaubien\\\/\"},\"wordCount\":719,\"commentCount\":0,\"image\":{\"@id\":\"https:\\\/\\\/www.fondationdegaspebeaubien.org\\\/fr\\\/valoriser-entrepreneuriat-musee-de-gaspe-beaubien\\\/#primaryimage\"},\"thumbnailUrl\":\"https:\\\/\\\/www.fondationdegaspebeaubien.org\\\/wp-content\\\/uploads\\\/2024\\\/01\\\/fdgb-musee-monsieur-de-gaspe-beaubien-extrait-documentaire-04_image_03_Correction.jpeg\",\"articleSection\":[\"De Gasp\u00e9 Beaubien Museum\"],\"inLanguage\":\"en-US\",\"potentialAction\":[{\"@type\":\"CommentAction\",\"name\":\"Comment\",\"target\":[\"https:\\\/\\\/www.fondationdegaspebeaubien.org\\\/fr\\\/valoriser-entrepreneuriat-musee-de-gaspe-beaubien\\\/#respond\"]}]},{\"@type\":\"WebPage\",\"@id\":\"https:\\\/\\\/www.fondationdegaspebeaubien.org\\\/fr\\\/valoriser-entrepreneuriat-musee-de-gaspe-beaubien\\\/\",\"url\":\"https:\\\/\\\/www.fondationdegaspebeaubien.org\\\/fr\\\/valoriser-entrepreneuriat-musee-de-gaspe-beaubien\\\/\",\"name\":\"Showcasing Entrepreneurship in the de Gasp\u00e9 Beaubien Museum - The\",\"isPartOf\":{\"@id\":\"https:\\\/\\\/www.fondationdegaspebeaubien.org\\\/en\\\/#website\"},\"primaryImageOfPage\":{\"@id\":\"https:\\\/\\\/www.fondationdegaspebeaubien.org\\\/fr\\\/valoriser-entrepreneuriat-musee-de-gaspe-beaubien\\\/#primaryimage\"},\"image\":{\"@id\":\"https:\\\/\\\/www.fondationdegaspebeaubien.org\\\/fr\\\/valoriser-entrepreneuriat-musee-de-gaspe-beaubien\\\/#primaryimage\"},\"thumbnailUrl\":\"https:\\\/\\\/www.fondationdegaspebeaubien.org\\\/wp-content\\\/uploads\\\/2024\\\/01\\\/fdgb-musee-monsieur-de-gaspe-beaubien-extrait-documentaire-04_image_03_Correction.jpeg\",\"datePublished\":\"2024-01-24T12:42:59+00:00\",\"author\":{\"@id\":\"https:\\\/\\\/www.fondationdegaspebeaubien.org\\\/en\\\/#\\\/schema\\\/person\\\/e84c883213d8e6cb00f1775074c74263\"},\"description\":\"The de Gasp\u00e9 Beaubien family launches the de Gasp\u00e9 Beaubien Museum to promote and showcase entrepreneurship.\",\"breadcrumb\":{\"@id\":\"https:\\\/\\\/www.fondationdegaspebeaubien.org\\\/fr\\\/valoriser-entrepreneuriat-musee-de-gaspe-beaubien\\\/#breadcrumb\"},\"inLanguage\":\"en-US\",\"potentialAction\":[{\"@type\":\"ReadAction\",\"target\":[\"https:\\\/\\\/www.fondationdegaspebeaubien.org\\\/fr\\\/valoriser-entrepreneuriat-musee-de-gaspe-beaubien\\\/\"]}]},{\"@type\":\"ImageObject\",\"inLanguage\":\"en-US\",\"@id\":\"https:\\\/\\\/www.fondationdegaspebeaubien.org\\\/fr\\\/valoriser-entrepreneuriat-musee-de-gaspe-beaubien\\\/#primaryimage\",\"url\":\"https:\\\/\\\/www.fondationdegaspebeaubien.org\\\/wp-content\\\/uploads\\\/2024\\\/01\\\/fdgb-musee-monsieur-de-gaspe-beaubien-extrait-documentaire-04_image_03_Correction.jpeg\",\"contentUrl\":\"https:\\\/\\\/www.fondationdegaspebeaubien.org\\\/wp-content\\\/uploads\\\/2024\\\/01\\\/fdgb-musee-monsieur-de-gaspe-beaubien-extrait-documentaire-04_image_03_Correction.jpeg\",\"width\":1920,\"height\":1080,\"caption\":\"Philippe de Gasp\u00e9 Beaubien en tournage pour le Mus\u00e9e de Gasp\u00e9 Beaubien\"},{\"@type\":\"BreadcrumbList\",\"@id\":\"https:\\\/\\\/www.fondationdegaspebeaubien.org\\\/fr\\\/valoriser-entrepreneuriat-musee-de-gaspe-beaubien\\\/#breadcrumb\",\"itemListElement\":[{\"@type\":\"ListItem\",\"position\":1,\"name\":\"Home\",\"item\":\"https:\\\/\\\/www.fondationdegaspebeaubien.org\\\/en\\\/\"},{\"@type\":\"ListItem\",\"position\":2,\"name\":\"Showcasing Entrepreneurship in the de Gasp\u00e9 Beaubien Museum\"}]},{\"@type\":\"WebSite\",\"@id\":\"https:\\\/\\\/www.fondationdegaspebeaubien.org\\\/en\\\/#website\",\"url\":\"https:\\\/\\\/www.fondationdegaspebeaubien.org\\\/en\\\/\",\"name\":\"The\",\"description\":\"Appuyer le changement au sein de la communaut\u00e9\",\"potentialAction\":[{\"@type\":\"SearchAction\",\"target\":{\"@type\":\"EntryPoint\",\"urlTemplate\":\"https:\\\/\\\/www.fondationdegaspebeaubien.org\\\/en\\\/?s={search_term_string}\"},\"query-input\":{\"@type\":\"PropertyValueSpecification\",\"valueRequired\":true,\"valueName\":\"search_term_string\"}}],\"inLanguage\":\"en-US\"},{\"@type\":\"Person\",\"@id\":\"https:\\\/\\\/www.fondationdegaspebeaubien.org\\\/en\\\/#\\\/schema\\\/person\\\/e84c883213d8e6cb00f1775074c74263\",\"name\":\"smartbugmedia\",\"image\":{\"@type\":\"ImageObject\",\"inLanguage\":\"en-US\",\"@id\":\"https:\\\/\\\/secure.gravatar.com\\\/avatar\\\/97b857c2b07334a0c01d0a4c9531e3bbfbced011ed68c984b0e56002a21bde47?s=96&d=mm&r=g\",\"url\":\"https:\\\/\\\/secure.gravatar.com\\\/avatar\\\/97b857c2b07334a0c01d0a4c9531e3bbfbced011ed68c984b0e56002a21bde47?s=96&d=mm&r=g\",\"contentUrl\":\"https:\\\/\\\/secure.gravatar.com\\\/avatar\\\/97b857c2b07334a0c01d0a4c9531e3bbfbced011ed68c984b0e56002a21bde47?s=96&d=mm&r=g\",\"caption\":\"smartbugmedia\"},\"url\":\"https:\\\/\\\/www.fondationdegaspebeaubien.org\\\/en\\\/author\\\/cms\\\/\"}]}<\/script>\n<!-- \/ Yoast SEO plugin. -->","yoast_head_json":{"title":"Showcasing Entrepreneurship in the de Gasp\u00e9 Beaubien Museum - The","description":"The de Gasp\u00e9 Beaubien family launches the de Gasp\u00e9 Beaubien Museum to promote and showcase entrepreneurship.","robots":{"index":"index","follow":"follow","max-snippet":"max-snippet:-1","max-image-preview":"max-image-preview:large","max-video-preview":"max-video-preview:-1"},"canonical":"https:\/\/www.fondationdegaspebeaubien.org\/fr\/valoriser-entrepreneuriat-musee-de-gaspe-beaubien\/","og_locale":"en_US","og_type":"article","og_title":"Showcasing Entrepreneurship in the de Gasp\u00e9 Beaubien Museum - The","og_description":"The de Gasp\u00e9 Beaubien family launches the de Gasp\u00e9 Beaubien Museum to promote and showcase entrepreneurship.","og_url":"https:\/\/www.fondationdegaspebeaubien.org\/fr\/valoriser-entrepreneuriat-musee-de-gaspe-beaubien\/","og_site_name":"The","article_published_time":"2024-01-24T12:42:59+00:00","og_image":[{"width":1920,"height":1080,"url":"https:\/\/www.fondationdegaspebeaubien.org\/wp-content\/uploads\/2024\/01\/fdgb-musee-monsieur-de-gaspe-beaubien-extrait-documentaire-04_image_03_Correction.jpeg","type":"image\/jpeg"}],"author":"smartbugmedia","twitter_card":"summary_large_image","twitter_misc":{"Written by":"smartbugmedia","Est. reading time":"5 minutes"},"schema":{"@context":"https:\/\/schema.org","@graph":[{"@type":"Article","@id":"https:\/\/www.fondationdegaspebeaubien.org\/fr\/valoriser-entrepreneuriat-musee-de-gaspe-beaubien\/#article","isPartOf":{"@id":"https:\/\/www.fondationdegaspebeaubien.org\/fr\/valoriser-entrepreneuriat-musee-de-gaspe-beaubien\/"},"author":{"name":"smartbugmedia","@id":"https:\/\/www.fondationdegaspebeaubien.org\/en\/#\/schema\/person\/e84c883213d8e6cb00f1775074c74263"},"headline":"Showcasing Entrepreneurship in the de Gasp\u00e9 Beaubien Museum","datePublished":"2024-01-24T12:42:59+00:00","mainEntityOfPage":{"@id":"https:\/\/www.fondationdegaspebeaubien.org\/fr\/valoriser-entrepreneuriat-musee-de-gaspe-beaubien\/"},"wordCount":719,"commentCount":0,"image":{"@id":"https:\/\/www.fondationdegaspebeaubien.org\/fr\/valoriser-entrepreneuriat-musee-de-gaspe-beaubien\/#primaryimage"},"thumbnailUrl":"https:\/\/www.fondationdegaspebeaubien.org\/wp-content\/uploads\/2024\/01\/fdgb-musee-monsieur-de-gaspe-beaubien-extrait-documentaire-04_image_03_Correction.jpeg","articleSection":["De Gasp\u00e9 Beaubien Museum"],"inLanguage":"en-US","potentialAction":[{"@type":"CommentAction","name":"Comment","target":["https:\/\/www.fondationdegaspebeaubien.org\/fr\/valoriser-entrepreneuriat-musee-de-gaspe-beaubien\/#respond"]}]},{"@type":"WebPage","@id":"https:\/\/www.fondationdegaspebeaubien.org\/fr\/valoriser-entrepreneuriat-musee-de-gaspe-beaubien\/","url":"https:\/\/www.fondationdegaspebeaubien.org\/fr\/valoriser-entrepreneuriat-musee-de-gaspe-beaubien\/","name":"Showcasing Entrepreneurship in the de Gasp\u00e9 Beaubien Museum - The","isPartOf":{"@id":"https:\/\/www.fondationdegaspebeaubien.org\/en\/#website"},"primaryImageOfPage":{"@id":"https:\/\/www.fondationdegaspebeaubien.org\/fr\/valoriser-entrepreneuriat-musee-de-gaspe-beaubien\/#primaryimage"},"image":{"@id":"https:\/\/www.fondationdegaspebeaubien.org\/fr\/valoriser-entrepreneuriat-musee-de-gaspe-beaubien\/#primaryimage"},"thumbnailUrl":"https:\/\/www.fondationdegaspebeaubien.org\/wp-content\/uploads\/2024\/01\/fdgb-musee-monsieur-de-gaspe-beaubien-extrait-documentaire-04_image_03_Correction.jpeg","datePublished":"2024-01-24T12:42:59+00:00","author":{"@id":"https:\/\/www.fondationdegaspebeaubien.org\/en\/#\/schema\/person\/e84c883213d8e6cb00f1775074c74263"},"description":"The de Gasp\u00e9 Beaubien family launches the de Gasp\u00e9 Beaubien Museum to promote and showcase entrepreneurship.","breadcrumb":{"@id":"https:\/\/www.fondationdegaspebeaubien.org\/fr\/valoriser-entrepreneuriat-musee-de-gaspe-beaubien\/#breadcrumb"},"inLanguage":"en-US","potentialAction":[{"@type":"ReadAction","target":["https:\/\/www.fondationdegaspebeaubien.org\/fr\/valoriser-entrepreneuriat-musee-de-gaspe-beaubien\/"]}]},{"@type":"ImageObject","inLanguage":"en-US","@id":"https:\/\/www.fondationdegaspebeaubien.org\/fr\/valoriser-entrepreneuriat-musee-de-gaspe-beaubien\/#primaryimage","url":"https:\/\/www.fondationdegaspebeaubien.org\/wp-content\/uploads\/2024\/01\/fdgb-musee-monsieur-de-gaspe-beaubien-extrait-documentaire-04_image_03_Correction.jpeg","contentUrl":"https:\/\/www.fondationdegaspebeaubien.org\/wp-content\/uploads\/2024\/01\/fdgb-musee-monsieur-de-gaspe-beaubien-extrait-documentaire-04_image_03_Correction.jpeg","width":1920,"height":1080,"caption":"Philippe de Gasp\u00e9 Beaubien en tournage pour le Mus\u00e9e de Gasp\u00e9 Beaubien"},{"@type":"BreadcrumbList","@id":"https:\/\/www.fondationdegaspebeaubien.org\/fr\/valoriser-entrepreneuriat-musee-de-gaspe-beaubien\/#breadcrumb","itemListElement":[{"@type":"ListItem","position":1,"name":"Home","item":"https:\/\/www.fondationdegaspebeaubien.org\/en\/"},{"@type":"ListItem","position":2,"name":"Showcasing Entrepreneurship in the de Gasp\u00e9 Beaubien Museum"}]},{"@type":"WebSite","@id":"https:\/\/www.fondationdegaspebeaubien.org\/en\/#website","url":"https:\/\/www.fondationdegaspebeaubien.org\/en\/","name":"The","description":"Appuyer le changement au sein de la communaut\u00e9","potentialAction":[{"@type":"SearchAction","target":{"@type":"EntryPoint","urlTemplate":"https:\/\/www.fondationdegaspebeaubien.org\/en\/?s={search_term_string}"},"query-input":{"@type":"PropertyValueSpecification","valueRequired":true,"valueName":"search_term_string"}}],"inLanguage":"en-US"},{"@type":"Person","@id":"https:\/\/www.fondationdegaspebeaubien.org\/en\/#\/schema\/person\/e84c883213d8e6cb00f1775074c74263","name":"smartbugmedia","image":{"@type":"ImageObject","inLanguage":"en-US","@id":"https:\/\/secure.gravatar.com\/avatar\/97b857c2b07334a0c01d0a4c9531e3bbfbced011ed68c984b0e56002a21bde47?s=96&d=mm&r=g","url":"https:\/\/secure.gravatar.com\/avatar\/97b857c2b07334a0c01d0a4c9531e3bbfbced011ed68c984b0e56002a21bde47?s=96&d=mm&r=g","contentUrl":"https:\/\/secure.gravatar.com\/avatar\/97b857c2b07334a0c01d0a4c9531e3bbfbced011ed68c984b0e56002a21bde47?s=96&d=mm&r=g","caption":"smartbugmedia"},"url":"https:\/\/www.fondationdegaspebeaubien.org\/en\/author\/cms\/"}]}},"_links":{"self":[{"href":"https:\/\/www.fondationdegaspebeaubien.org\/en\/wp-json\/wp\/v2\/posts\/2495","targetHints":{"allow":["GET"]}}],"collection":[{"href":"https:\/\/www.fondationdegaspebeaubien.org\/en\/wp-json\/wp\/v2\/posts"}],"about":[{"href":"https:\/\/www.fondationdegaspebeaubien.org\/en\/wp-json\/wp\/v2\/types\/post"}],"author":[{"embeddable":true,"href":"https:\/\/www.fondationdegaspebeaubien.org\/en\/wp-json\/wp\/v2\/users\/1"}],"replies":[{"embeddable":true,"href":"https:\/\/www.fondationdegaspebeaubien.org\/en\/wp-json\/wp\/v2\/comments?post=2495"}],"version-history":[{"count":2,"href":"https:\/\/www.fondationdegaspebeaubien.org\/en\/wp-json\/wp\/v2\/posts\/2495\/revisions"}],"predecessor-version":[{"id":2497,"href":"https:\/\/www.fondationdegaspebeaubien.org\/en\/wp-json\/wp\/v2\/posts\/2495\/revisions\/2497"}],"wp:featuredmedia":[{"embeddable":true,"href":"https:\/\/www.fondationdegaspebeaubien.org\/en\/wp-json\/wp\/v2\/media\/2491"}],"wp:attachment":[{"href":"https:\/\/www.fondationdegaspebeaubien.org\/en\/wp-json\/wp\/v2\/media?parent=2495"}],"wp:term":[{"taxonomy":"category","embeddable":true,"href":"https:\/\/www.fondationdegaspebeaubien.org\/en\/wp-json\/wp\/v2\/categories?post=2495"},{"taxonomy":"post_tag","embeddable":true,"href":"https:\/\/www.fondationdegaspebeaubien.org\/en\/wp-json\/wp\/v2\/tags?post=2495"}],"curies":[{"name":"wp","href":"https:\/\/api.w.org\/{rel}","templated":true}]}}