{"id":2007,"date":"2022-06-30T07:50:16","date_gmt":"2022-06-30T11:50:16","guid":{"rendered":"https:\/\/www.fondationdegaspebeaubien.org\/?p=2007"},"modified":"2022-06-29T18:52:48","modified_gmt":"2022-06-29T22:52:48","slug":"prix-de-la-releve-eau-andre-perrault-2021","status":"publish","type":"post","link":"https:\/\/www.fondationdegaspebeaubien.org\/fr\/prix-de-la-releve-eau-andre-perrault-2021\/","title":{"rendered":"Prix de la rel\u00e8ve EAU Andr\u00e9-Perrault 2021"},"content":{"rendered":"<p><span style=\"font-weight: 400;\">La Fondation de Gasp\u00e9 Beaubien a l\u2019honneur de vous pr\u00e9senter <\/span><b>le r\u00e9cipiendaire du prix de la rel\u00e8ve EAU Andr\u00e9-Perrault 2021\u00a0: Timoth\u00e9 Roy-Bouchard, cofondateur de l\u2019entreprise <\/b><a href=\"https:\/\/ecotime.ca\/\"><b>Solutions EcoTime<\/b><\/a><span style=\"font-weight: 400;\">. Cette reconnaissance lui revient pour ses r\u00e9alisations innovantes en mati\u00e8re de r\u00e9cup\u00e9ration des eaux pluviales. Le 10 mai dernier, lors d\u2019une c\u00e9r\u00e9monie de remise de prix officielle du <\/span><a href=\"https:\/\/cieau.org\/\"><span style=\"font-weight: 400;\">Centre d\u2019interpr\u00e9tation de l\u2019eau<\/span><\/a><span style=\"font-weight: 400;\"> (C.I.EAU), Dominique Monchamp a donc eu le plaisir de rencontrer Timoth\u00e9 et de lui remettre <\/span><b>une bourse de 1 500 $ commandit\u00e9e par la Fondation de Gasp\u00e9 Beaubien<\/b><span style=\"font-weight: 400;\">.\u00a0<\/span><\/p>\n<h2><span style=\"font-weight: 400;\">Qu\u2019est de que le prix de la rel\u00e8ve EAU Andr\u00e9-Perrault?<\/span><\/h2>\n<p><span style=\"font-weight: 400;\">Le prix se nomme ainsi en l\u2019honneur d\u2019Andr\u00e9 Perrault, fondateur du <\/span><a href=\"https:\/\/cieau.org\/qui-sommes-nous\/\"><span style=\"font-weight: 400;\">C.I.EAU<\/span><\/a><span style=\"font-weight: 400;\"> et ancien directeur des Travaux publics et de l\u2019environnement de Ville de Laval passionn\u00e9 d\u2019environnement et impliqu\u00e9 dans la cause de l\u2019eau. L\u2019objectif du prix est de <\/span><b>reconna\u00eetre les innovations et le caract\u00e8re exceptionnel des r\u00e9alisations des jeunes de la rel\u00e8ve dans le domaine de l\u2019eau<\/b><span style=\"font-weight: 400;\">, que ce soit concernant les bonnes pratiques ou les technologies. Par le fait m\u00eame, le C.I.EAU souligne le travail primordial de la rel\u00e8ve pour la cause de l\u2019eau au Qu\u00e9bec, son d\u00e9vouement et son savoir-faire.<\/span><\/p>\n<p><span style=\"font-weight: 400;\">Le jury de s\u00e9lection se compose d\u2019un membre du conseil d\u2019administration du C.I.EAU et d\u2019experts qu\u00e9b\u00e9cois dans le domaine de l\u2019eau. Ensemble, ils \u00e9valuent la qualit\u00e9 des pr\u00e9sentations des candidats et l\u2019impact de leurs r\u00e9alisations sur les connaissances dans le domaine de l\u2019eau, les technologies dans le domaine de l\u2019eau et la gestion de l\u2019eau.\u00a0<\/span><\/p>\n<h2><span style=\"font-weight: 400;\">La Fondation de Gasp\u00e9 Beaubien partenaire pour une deuxi\u00e8me ann\u00e9e<\/span><\/h2>\n<p><span style=\"font-weight: 400;\">L\u2019\u00e9dition 2021 du concours marque la seconde ann\u00e9e d\u2019implication de la Fondation de Gasp\u00e9 Beaubien dans ce concours. L\u2019importance que nous accordons \u00e0 la cause de l\u2019eau et au d\u00e9veloppement de technologies et d\u2019innovations dans ce secteur est bien connue. Il est essentiel pour la Fondation et pour <\/span><a href=\"https:\/\/www.fondationdegaspebeaubien.org\/fr\/aquahacking-de-aquaaction\/\"><span style=\"font-weight: 400;\">AquaAction<\/span><\/a><span style=\"font-weight: 400;\"> de reconna\u00eetre et d\u2019encourager la rel\u00e8ve partout au Qu\u00e9bec. L\u2019association avec le C.I.EAU et le prix de la rel\u00e8ve EAU Andr\u00e9-Perrault est donc apparue comme une \u00e9vidence.<\/span><\/p>\n<p><span style=\"font-weight: 400;\">\u00ab\u00a0La Fondation de Gasp\u00e9 Beaubien est<\/span><b> fi\u00e8re d\u2019\u00eatre partenaire du C.I.EAU et du prix de la rel\u00e8ve EAU Andr\u00e9-Perrault<\/b><span style=\"font-weight: 400;\">. Nous sommes heureux de prendre part \u00e0 cette initiative qu\u00e9b\u00e9coise et humaine. Timoth\u00e9 et Solutions EcoTime accompliront certainement de grandes choses! Encore bravo \u00e0 lui et son \u00e9quipe, mais aussi aux autres candidats pour leur implication et leurs r\u00e9alisations. Ils sont l\u2019avenir du domaine de l\u2019eau au Qu\u00e9bec. \u00bb &#8211; Dominique Monchamp, directrice g\u00e9n\u00e9rale de la Fondation de Gasp\u00e9 Beaubien<\/span><\/p>\n<h2><span style=\"font-weight: 400;\">Pourquoi encourager la rel\u00e8ve<\/span><\/h2>\n<p><span style=\"font-weight: 400;\">Malgr\u00e9 l\u2019importante cha\u00eene de m\u00e9tiers et l\u2019expertise derri\u00e8re l\u2019eau potable accessible \u00e0 tous, <\/span><b>le Qu\u00e9bec vit pr\u00e9sentement une p\u00e9nurie professionnelle majeure dans les m\u00e9tiers li\u00e9s au domaine de l\u2019eau<\/b><span style=\"font-weight: 400;\">. Op\u00e9rateurs en traitement des eaux, techniciens, technologues et ing\u00e9nieurs manquent \u00e0 l\u2019appel. <\/span><a href=\"https:\/\/www.fondationdegaspebeaubien.org\/fr\/leconomie-bleue-on-y-croit\/\"><span style=\"font-weight: 400;\">La gestion et la pr\u00e9servation de l\u2019eau<\/span><\/a><span style=\"font-weight: 400;\"> sont pourtant des enjeux actuels et cruciaux.\u00a0<\/span><\/p>\n<p><span style=\"font-weight: 400;\">En 2020, <\/span><a href=\"https:\/\/www.envirocompetences.org\/media\/publications\/RapportEnviroComptences-tudesurlamaindoeuvredanslesecteureau-VF.pdf\"><span style=\"font-weight: 400;\">EnviroComp\u00e9tences<\/span><\/a><span style=\"font-weight: 400;\"> d\u00e9notait que 41\u00a0% des organisations du secteur de l\u2019eau avaient des besoins imm\u00e9diats de main-d\u2019\u0153uvre et 66\u00a0% des organisations n\u2019avaient pas de mesures permettant de rem\u00e9dier \u00e0 la probl\u00e9matique. Deux ans plus tard, la situation n\u2019est pas r\u00e9gl\u00e9e\u2026 <\/span><b>Des initiatives qui stimulent les plus jeunes g\u00e9n\u00e9rations \u00e0 d\u00e9velopper leurs connaissances et leurs expertises dans le secteur de l\u2019eau sont aujourd\u2019hui n\u00e9cessaires pour assurer la p\u00e9rennit\u00e9 des infrastructures, mais aussi &#8211; et surtout &#8211; du bien-\u00eatre de notre soci\u00e9t\u00e9. <\/b><span style=\"font-weight: 400;\">Si l\u2019h\u00e9morragie de la main-d&rsquo;\u0153uvre du domaine de l\u2019eau continue, les <\/span><a href=\"https:\/\/www.fondationdegaspebeaubien.org\/fr\/preservation-eau-enjeu-majeur\/\"><span style=\"font-weight: 400;\">cons\u00e9quences<\/span><\/a><span style=\"font-weight: 400;\"> pourraient s\u2019av\u00e9rer d\u00e9vastatrices.\u00a0<\/span><\/p>\n<p><span style=\"font-weight: 400;\">Des initiatives comme le C.I.EAU, le prix de la rel\u00e8ve EAU Andr\u00e9-Perrault et les r\u00e9alisations des jeunes novateurs y participant laissent tout de m\u00eame croire en la possibilit\u00e9 d\u2019un avenir meilleur.\u00a0<\/span><\/p>\n<p><a href=\"https:\/\/ecotime.ca\/\"><span style=\"font-weight: 400;\">D\u00e9couvrez le laur\u00e9at, Timoth\u00e9 Roy-Bouchard, et Solutions EcoTime.<\/span><\/a><\/p>\n<p><a href=\"https:\/\/cieau.org\/\"><span style=\"font-weight: 400;\">Apprenez-en plus sur le Centre d\u2019interpr\u00e9tation de l\u2019eau.<\/span><\/a><\/p>\n","protected":false},"excerpt":{"rendered":"<p>La Fondation de Gasp\u00e9 Beaubien a l\u2019honneur de vous pr\u00e9senter le r\u00e9cipiendaire du prix de la rel\u00e8ve EAU Andr\u00e9-Perrault 2021\u00a0: Timoth\u00e9 Roy-Bouchard, cofondateur de l\u2019entreprise Solutions EcoTime. Cette reconnaissance lui revient pour ses r\u00e9alisations innovantes en mati\u00e8re de r\u00e9cup\u00e9ration des eaux pluviales. Le 10 mai dernier, lors d\u2019une c\u00e9r\u00e9monie de remise de prix officielle du [&hellip;]<\/p>\n","protected":false},"author":1,"featured_media":2008,"comment_status":"open","ping_status":"open","sticky":false,"template":"","format":"standard","meta":{"_acf_changed":false,"footnotes":""},"categories":[148],"tags":[],"class_list":["post-2007","post","type-post","status-publish","format-standard","has-post-thumbnail","hentry","category-actions-communautaires"],"acf":[],"yoast_head":"<!-- This site is optimized with the Yoast SEO plugin v27.3 - https:\/\/yoast.com\/product\/yoast-seo-wordpress\/ -->\n<title>Prix de la rel\u00e8ve EAU Andr\u00e9-Perrault 2021 - Fondation de Gasp\u00e9 Beaubien<\/title>\n<meta name=\"description\" content=\"D\u00e9couvrez le r\u00e9cipiendaire du prix de la rel\u00e8ve EAU Andr\u00e9-Perrault 2021 pr\u00e9sent\u00e9 en partenariat par la Fondation de Gasp\u00e9 Beaubien.\" \/>\n<meta name=\"robots\" content=\"index, follow, max-snippet:-1, max-image-preview:large, max-video-preview:-1\" \/>\n<link rel=\"canonical\" href=\"https:\/\/www.fondationdegaspebeaubien.org\/fr\/prix-de-la-releve-eau-andre-perrault-2021\/\" \/>\n<meta property=\"og:locale\" content=\"fr_FR\" \/>\n<meta property=\"og:type\" content=\"article\" \/>\n<meta property=\"og:title\" content=\"Prix de la rel\u00e8ve EAU Andr\u00e9-Perrault 2021 - Fondation de Gasp\u00e9 Beaubien\" \/>\n<meta property=\"og:description\" content=\"D\u00e9couvrez le r\u00e9cipiendaire du prix de la rel\u00e8ve EAU Andr\u00e9-Perrault 2021 pr\u00e9sent\u00e9 en partenariat par la Fondation de Gasp\u00e9 Beaubien.\" \/>\n<meta property=\"og:url\" content=\"https:\/\/www.fondationdegaspebeaubien.org\/fr\/prix-de-la-releve-eau-andre-perrault-2021\/\" \/>\n<meta property=\"og:site_name\" content=\"Fondation de Gasp\u00e9 Beaubien\" \/>\n<meta property=\"article:published_time\" content=\"2022-06-30T11:50:16+00:00\" \/>\n<meta property=\"og:image\" content=\"https:\/\/www.fondationdegaspebeaubien.org\/wp-content\/uploads\/2022\/06\/remise-prix-Andre\u0301-Perrault-2022-scaled.jpg\" \/>\n\t<meta property=\"og:image:width\" content=\"2560\" \/>\n\t<meta property=\"og:image:height\" content=\"1810\" \/>\n\t<meta property=\"og:image:type\" content=\"image\/jpeg\" \/>\n<meta name=\"author\" content=\"smartbugmedia\" \/>\n<meta name=\"twitter:card\" content=\"summary_large_image\" \/>\n<meta name=\"twitter:label1\" content=\"\u00c9crit par\" \/>\n\t<meta name=\"twitter:data1\" content=\"smartbugmedia\" \/>\n\t<meta name=\"twitter:label2\" content=\"Dur\u00e9e de lecture estim\u00e9e\" \/>\n\t<meta name=\"twitter:data2\" content=\"4 minutes\" \/>\n<script type=\"application\/ld+json\" class=\"yoast-schema-graph\">{\"@context\":\"https:\\\/\\\/schema.org\",\"@graph\":[{\"@type\":\"Article\",\"@id\":\"https:\\\/\\\/www.fondationdegaspebeaubien.org\\\/fr\\\/prix-de-la-releve-eau-andre-perrault-2021\\\/#article\",\"isPartOf\":{\"@id\":\"https:\\\/\\\/www.fondationdegaspebeaubien.org\\\/fr\\\/prix-de-la-releve-eau-andre-perrault-2021\\\/\"},\"author\":{\"name\":\"smartbugmedia\",\"@id\":\"https:\\\/\\\/www.fondationdegaspebeaubien.org\\\/en\\\/#\\\/schema\\\/person\\\/e84c883213d8e6cb00f1775074c74263\"},\"headline\":\"Prix de la rel\u00e8ve EAU Andr\u00e9-Perrault 2021\",\"datePublished\":\"2022-06-30T11:50:16+00:00\",\"mainEntityOfPage\":{\"@id\":\"https:\\\/\\\/www.fondationdegaspebeaubien.org\\\/fr\\\/prix-de-la-releve-eau-andre-perrault-2021\\\/\"},\"wordCount\":750,\"commentCount\":0,\"image\":{\"@id\":\"https:\\\/\\\/www.fondationdegaspebeaubien.org\\\/fr\\\/prix-de-la-releve-eau-andre-perrault-2021\\\/#primaryimage\"},\"thumbnailUrl\":\"https:\\\/\\\/www.fondationdegaspebeaubien.org\\\/wp-content\\\/uploads\\\/2022\\\/06\\\/remise-prix-Andre\u0301-Perrault-2022-scaled.jpg\",\"articleSection\":[\"Actions communautaires\"],\"inLanguage\":\"fr-FR\",\"potentialAction\":[{\"@type\":\"CommentAction\",\"name\":\"Comment\",\"target\":[\"https:\\\/\\\/www.fondationdegaspebeaubien.org\\\/fr\\\/prix-de-la-releve-eau-andre-perrault-2021\\\/#respond\"]}]},{\"@type\":\"WebPage\",\"@id\":\"https:\\\/\\\/www.fondationdegaspebeaubien.org\\\/fr\\\/prix-de-la-releve-eau-andre-perrault-2021\\\/\",\"url\":\"https:\\\/\\\/www.fondationdegaspebeaubien.org\\\/fr\\\/prix-de-la-releve-eau-andre-perrault-2021\\\/\",\"name\":\"Prix de la rel\u00e8ve EAU Andr\u00e9-Perrault 2021 - Fondation de Gasp\u00e9 Beaubien\",\"isPartOf\":{\"@id\":\"https:\\\/\\\/www.fondationdegaspebeaubien.org\\\/en\\\/#website\"},\"primaryImageOfPage\":{\"@id\":\"https:\\\/\\\/www.fondationdegaspebeaubien.org\\\/fr\\\/prix-de-la-releve-eau-andre-perrault-2021\\\/#primaryimage\"},\"image\":{\"@id\":\"https:\\\/\\\/www.fondationdegaspebeaubien.org\\\/fr\\\/prix-de-la-releve-eau-andre-perrault-2021\\\/#primaryimage\"},\"thumbnailUrl\":\"https:\\\/\\\/www.fondationdegaspebeaubien.org\\\/wp-content\\\/uploads\\\/2022\\\/06\\\/remise-prix-Andre\u0301-Perrault-2022-scaled.jpg\",\"datePublished\":\"2022-06-30T11:50:16+00:00\",\"author\":{\"@id\":\"https:\\\/\\\/www.fondationdegaspebeaubien.org\\\/en\\\/#\\\/schema\\\/person\\\/e84c883213d8e6cb00f1775074c74263\"},\"description\":\"D\u00e9couvrez le r\u00e9cipiendaire du prix de la rel\u00e8ve EAU Andr\u00e9-Perrault 2021 pr\u00e9sent\u00e9 en partenariat par la Fondation de Gasp\u00e9 Beaubien.\",\"breadcrumb\":{\"@id\":\"https:\\\/\\\/www.fondationdegaspebeaubien.org\\\/fr\\\/prix-de-la-releve-eau-andre-perrault-2021\\\/#breadcrumb\"},\"inLanguage\":\"fr-FR\",\"potentialAction\":[{\"@type\":\"ReadAction\",\"target\":[\"https:\\\/\\\/www.fondationdegaspebeaubien.org\\\/fr\\\/prix-de-la-releve-eau-andre-perrault-2021\\\/\"]}]},{\"@type\":\"ImageObject\",\"inLanguage\":\"fr-FR\",\"@id\":\"https:\\\/\\\/www.fondationdegaspebeaubien.org\\\/fr\\\/prix-de-la-releve-eau-andre-perrault-2021\\\/#primaryimage\",\"url\":\"https:\\\/\\\/www.fondationdegaspebeaubien.org\\\/wp-content\\\/uploads\\\/2022\\\/06\\\/remise-prix-Andre\u0301-Perrault-2022-scaled.jpg\",\"contentUrl\":\"https:\\\/\\\/www.fondationdegaspebeaubien.org\\\/wp-content\\\/uploads\\\/2022\\\/06\\\/remise-prix-Andre\u0301-Perrault-2022-scaled.jpg\",\"width\":2560,\"height\":1810,\"caption\":\"Remise prix Andre\u0301 Perrault 2021\"},{\"@type\":\"BreadcrumbList\",\"@id\":\"https:\\\/\\\/www.fondationdegaspebeaubien.org\\\/fr\\\/prix-de-la-releve-eau-andre-perrault-2021\\\/#breadcrumb\",\"itemListElement\":[{\"@type\":\"ListItem\",\"position\":1,\"name\":\"Home\",\"item\":\"https:\\\/\\\/www.fondationdegaspebeaubien.org\\\/fr\\\/\"},{\"@type\":\"ListItem\",\"position\":2,\"name\":\"Prix de la rel\u00e8ve EAU Andr\u00e9-Perrault 2021\"}]},{\"@type\":\"WebSite\",\"@id\":\"https:\\\/\\\/www.fondationdegaspebeaubien.org\\\/en\\\/#website\",\"url\":\"https:\\\/\\\/www.fondationdegaspebeaubien.org\\\/en\\\/\",\"name\":\"Fondation de Gasp\u00e9 Beaubien\",\"description\":\"Appuyer le changement au sein de la communaut\u00e9\",\"potentialAction\":[{\"@type\":\"SearchAction\",\"target\":{\"@type\":\"EntryPoint\",\"urlTemplate\":\"https:\\\/\\\/www.fondationdegaspebeaubien.org\\\/en\\\/?s={search_term_string}\"},\"query-input\":{\"@type\":\"PropertyValueSpecification\",\"valueRequired\":true,\"valueName\":\"search_term_string\"}}],\"inLanguage\":\"fr-FR\"},{\"@type\":\"Person\",\"@id\":\"https:\\\/\\\/www.fondationdegaspebeaubien.org\\\/en\\\/#\\\/schema\\\/person\\\/e84c883213d8e6cb00f1775074c74263\",\"name\":\"smartbugmedia\",\"image\":{\"@type\":\"ImageObject\",\"inLanguage\":\"fr-FR\",\"@id\":\"https:\\\/\\\/secure.gravatar.com\\\/avatar\\\/97b857c2b07334a0c01d0a4c9531e3bbfbced011ed68c984b0e56002a21bde47?s=96&d=mm&r=g\",\"url\":\"https:\\\/\\\/secure.gravatar.com\\\/avatar\\\/97b857c2b07334a0c01d0a4c9531e3bbfbced011ed68c984b0e56002a21bde47?s=96&d=mm&r=g\",\"contentUrl\":\"https:\\\/\\\/secure.gravatar.com\\\/avatar\\\/97b857c2b07334a0c01d0a4c9531e3bbfbced011ed68c984b0e56002a21bde47?s=96&d=mm&r=g\",\"caption\":\"smartbugmedia\"},\"url\":\"https:\\\/\\\/www.fondationdegaspebeaubien.org\\\/fr\\\/author\\\/cms\\\/\"}]}<\/script>\n<!-- \/ Yoast SEO plugin. -->","yoast_head_json":{"title":"Prix de la rel\u00e8ve EAU Andr\u00e9-Perrault 2021 - Fondation de Gasp\u00e9 Beaubien","description":"D\u00e9couvrez le r\u00e9cipiendaire du prix de la rel\u00e8ve EAU Andr\u00e9-Perrault 2021 pr\u00e9sent\u00e9 en partenariat par la Fondation de Gasp\u00e9 Beaubien.","robots":{"index":"index","follow":"follow","max-snippet":"max-snippet:-1","max-image-preview":"max-image-preview:large","max-video-preview":"max-video-preview:-1"},"canonical":"https:\/\/www.fondationdegaspebeaubien.org\/fr\/prix-de-la-releve-eau-andre-perrault-2021\/","og_locale":"fr_FR","og_type":"article","og_title":"Prix de la rel\u00e8ve EAU Andr\u00e9-Perrault 2021 - Fondation de Gasp\u00e9 Beaubien","og_description":"D\u00e9couvrez le r\u00e9cipiendaire du prix de la rel\u00e8ve EAU Andr\u00e9-Perrault 2021 pr\u00e9sent\u00e9 en partenariat par la Fondation de Gasp\u00e9 Beaubien.","og_url":"https:\/\/www.fondationdegaspebeaubien.org\/fr\/prix-de-la-releve-eau-andre-perrault-2021\/","og_site_name":"Fondation de Gasp\u00e9 Beaubien","article_published_time":"2022-06-30T11:50:16+00:00","og_image":[{"width":2560,"height":1810,"url":"https:\/\/www.fondationdegaspebeaubien.org\/wp-content\/uploads\/2022\/06\/remise-prix-Andre\u0301-Perrault-2022-scaled.jpg","type":"image\/jpeg"}],"author":"smartbugmedia","twitter_card":"summary_large_image","twitter_misc":{"\u00c9crit par":"smartbugmedia","Dur\u00e9e de lecture estim\u00e9e":"4 minutes"},"schema":{"@context":"https:\/\/schema.org","@graph":[{"@type":"Article","@id":"https:\/\/www.fondationdegaspebeaubien.org\/fr\/prix-de-la-releve-eau-andre-perrault-2021\/#article","isPartOf":{"@id":"https:\/\/www.fondationdegaspebeaubien.org\/fr\/prix-de-la-releve-eau-andre-perrault-2021\/"},"author":{"name":"smartbugmedia","@id":"https:\/\/www.fondationdegaspebeaubien.org\/en\/#\/schema\/person\/e84c883213d8e6cb00f1775074c74263"},"headline":"Prix de la rel\u00e8ve EAU Andr\u00e9-Perrault 2021","datePublished":"2022-06-30T11:50:16+00:00","mainEntityOfPage":{"@id":"https:\/\/www.fondationdegaspebeaubien.org\/fr\/prix-de-la-releve-eau-andre-perrault-2021\/"},"wordCount":750,"commentCount":0,"image":{"@id":"https:\/\/www.fondationdegaspebeaubien.org\/fr\/prix-de-la-releve-eau-andre-perrault-2021\/#primaryimage"},"thumbnailUrl":"https:\/\/www.fondationdegaspebeaubien.org\/wp-content\/uploads\/2022\/06\/remise-prix-Andre\u0301-Perrault-2022-scaled.jpg","articleSection":["Actions communautaires"],"inLanguage":"fr-FR","potentialAction":[{"@type":"CommentAction","name":"Comment","target":["https:\/\/www.fondationdegaspebeaubien.org\/fr\/prix-de-la-releve-eau-andre-perrault-2021\/#respond"]}]},{"@type":"WebPage","@id":"https:\/\/www.fondationdegaspebeaubien.org\/fr\/prix-de-la-releve-eau-andre-perrault-2021\/","url":"https:\/\/www.fondationdegaspebeaubien.org\/fr\/prix-de-la-releve-eau-andre-perrault-2021\/","name":"Prix de la rel\u00e8ve EAU Andr\u00e9-Perrault 2021 - Fondation de Gasp\u00e9 Beaubien","isPartOf":{"@id":"https:\/\/www.fondationdegaspebeaubien.org\/en\/#website"},"primaryImageOfPage":{"@id":"https:\/\/www.fondationdegaspebeaubien.org\/fr\/prix-de-la-releve-eau-andre-perrault-2021\/#primaryimage"},"image":{"@id":"https:\/\/www.fondationdegaspebeaubien.org\/fr\/prix-de-la-releve-eau-andre-perrault-2021\/#primaryimage"},"thumbnailUrl":"https:\/\/www.fondationdegaspebeaubien.org\/wp-content\/uploads\/2022\/06\/remise-prix-Andre\u0301-Perrault-2022-scaled.jpg","datePublished":"2022-06-30T11:50:16+00:00","author":{"@id":"https:\/\/www.fondationdegaspebeaubien.org\/en\/#\/schema\/person\/e84c883213d8e6cb00f1775074c74263"},"description":"D\u00e9couvrez le r\u00e9cipiendaire du prix de la rel\u00e8ve EAU Andr\u00e9-Perrault 2021 pr\u00e9sent\u00e9 en partenariat par la Fondation de Gasp\u00e9 Beaubien.","breadcrumb":{"@id":"https:\/\/www.fondationdegaspebeaubien.org\/fr\/prix-de-la-releve-eau-andre-perrault-2021\/#breadcrumb"},"inLanguage":"fr-FR","potentialAction":[{"@type":"ReadAction","target":["https:\/\/www.fondationdegaspebeaubien.org\/fr\/prix-de-la-releve-eau-andre-perrault-2021\/"]}]},{"@type":"ImageObject","inLanguage":"fr-FR","@id":"https:\/\/www.fondationdegaspebeaubien.org\/fr\/prix-de-la-releve-eau-andre-perrault-2021\/#primaryimage","url":"https:\/\/www.fondationdegaspebeaubien.org\/wp-content\/uploads\/2022\/06\/remise-prix-Andre\u0301-Perrault-2022-scaled.jpg","contentUrl":"https:\/\/www.fondationdegaspebeaubien.org\/wp-content\/uploads\/2022\/06\/remise-prix-Andre\u0301-Perrault-2022-scaled.jpg","width":2560,"height":1810,"caption":"Remise prix Andre\u0301 Perrault 2021"},{"@type":"BreadcrumbList","@id":"https:\/\/www.fondationdegaspebeaubien.org\/fr\/prix-de-la-releve-eau-andre-perrault-2021\/#breadcrumb","itemListElement":[{"@type":"ListItem","position":1,"name":"Home","item":"https:\/\/www.fondationdegaspebeaubien.org\/fr\/"},{"@type":"ListItem","position":2,"name":"Prix de la rel\u00e8ve EAU Andr\u00e9-Perrault 2021"}]},{"@type":"WebSite","@id":"https:\/\/www.fondationdegaspebeaubien.org\/en\/#website","url":"https:\/\/www.fondationdegaspebeaubien.org\/en\/","name":"Fondation de Gasp\u00e9 Beaubien","description":"Appuyer le changement au sein de la communaut\u00e9","potentialAction":[{"@type":"SearchAction","target":{"@type":"EntryPoint","urlTemplate":"https:\/\/www.fondationdegaspebeaubien.org\/en\/?s={search_term_string}"},"query-input":{"@type":"PropertyValueSpecification","valueRequired":true,"valueName":"search_term_string"}}],"inLanguage":"fr-FR"},{"@type":"Person","@id":"https:\/\/www.fondationdegaspebeaubien.org\/en\/#\/schema\/person\/e84c883213d8e6cb00f1775074c74263","name":"smartbugmedia","image":{"@type":"ImageObject","inLanguage":"fr-FR","@id":"https:\/\/secure.gravatar.com\/avatar\/97b857c2b07334a0c01d0a4c9531e3bbfbced011ed68c984b0e56002a21bde47?s=96&d=mm&r=g","url":"https:\/\/secure.gravatar.com\/avatar\/97b857c2b07334a0c01d0a4c9531e3bbfbced011ed68c984b0e56002a21bde47?s=96&d=mm&r=g","contentUrl":"https:\/\/secure.gravatar.com\/avatar\/97b857c2b07334a0c01d0a4c9531e3bbfbced011ed68c984b0e56002a21bde47?s=96&d=mm&r=g","caption":"smartbugmedia"},"url":"https:\/\/www.fondationdegaspebeaubien.org\/fr\/author\/cms\/"}]}},"_links":{"self":[{"href":"https:\/\/www.fondationdegaspebeaubien.org\/fr\/wp-json\/wp\/v2\/posts\/2007","targetHints":{"allow":["GET"]}}],"collection":[{"href":"https:\/\/www.fondationdegaspebeaubien.org\/fr\/wp-json\/wp\/v2\/posts"}],"about":[{"href":"https:\/\/www.fondationdegaspebeaubien.org\/fr\/wp-json\/wp\/v2\/types\/post"}],"author":[{"embeddable":true,"href":"https:\/\/www.fondationdegaspebeaubien.org\/fr\/wp-json\/wp\/v2\/users\/1"}],"replies":[{"embeddable":true,"href":"https:\/\/www.fondationdegaspebeaubien.org\/fr\/wp-json\/wp\/v2\/comments?post=2007"}],"version-history":[{"count":1,"href":"https:\/\/www.fondationdegaspebeaubien.org\/fr\/wp-json\/wp\/v2\/posts\/2007\/revisions"}],"predecessor-version":[{"id":2010,"href":"https:\/\/www.fondationdegaspebeaubien.org\/fr\/wp-json\/wp\/v2\/posts\/2007\/revisions\/2010"}],"wp:featuredmedia":[{"embeddable":true,"href":"https:\/\/www.fondationdegaspebeaubien.org\/fr\/wp-json\/wp\/v2\/media\/2008"}],"wp:attachment":[{"href":"https:\/\/www.fondationdegaspebeaubien.org\/fr\/wp-json\/wp\/v2\/media?parent=2007"}],"wp:term":[{"taxonomy":"category","embeddable":true,"href":"https:\/\/www.fondationdegaspebeaubien.org\/fr\/wp-json\/wp\/v2\/categories?post=2007"},{"taxonomy":"post_tag","embeddable":true,"href":"https:\/\/www.fondationdegaspebeaubien.org\/fr\/wp-json\/wp\/v2\/tags?post=2007"}],"curies":[{"name":"wp","href":"https:\/\/api.w.org\/{rel}","templated":true}]}}