{"id":2029,"date":"2022-10-06T07:00:04","date_gmt":"2022-10-06T11:00:04","guid":{"rendered":"https:\/\/www.fondationdegaspebeaubien.org\/?p=2029"},"modified":"2022-10-06T06:39:23","modified_gmt":"2022-10-06T10:39:23","slug":"a-day-on-the-hill-for-water-rencontre-avec-elus-pour-avenir-eau","status":"publish","type":"post","link":"https:\/\/www.fondationdegaspebeaubien.org\/fr\/a-day-on-the-hill-for-water-rencontre-avec-elus-pour-avenir-eau\/","title":{"rendered":"A Day on the Hill for Water : Rencontre avec nos \u00e9lus pour l\u2019avenir de l\u2019eau"},"content":{"rendered":"<p><span style=\"font-weight: 400;\">Les 18 et 19 octobre, un \u00e9v\u00e9nement important se tiendra sur la colline parlementaire pour la toute premi\u00e8re fois <\/span><i><span style=\"font-weight: 400;\">A Day on the Hill for Water<\/span><\/i><span style=\"font-weight: 400;\">. La <\/span><a href=\"https:\/\/coalitioneauxsaines.ca\/\"><span style=\"font-weight: 400;\">Coalition canadienne pour des eaux saines<\/span><\/a><span style=\"font-weight: 400;\"> donne donc rendez-vous \u00e0 ses membres et \u00e0 plus d\u2019une vingtaine de d\u00e9cideurs du Gouvernement canadien sur la colline parlementaire afin de discuter de la ressource la plus importante : l\u2019eau.<\/span><\/p>\n<h2><span style=\"font-weight: 400;\">L\u2019objectif<\/span><\/h2>\n<p><span style=\"font-weight: 400;\">En ao\u00fbt, le parti lib\u00e9ral du Canada promettait 1 milliard de dollars sur 10 ans pour restaurer et prot\u00e9ger les grands \u00e9cosyst\u00e8mes lacustres et fluviaux. <\/span><b>Malheureusement, les sommes n\u2019\u00e9taient pas au rendez-vous lors du dernier budget et en plus\u00a0 cet investissement de un milliard n\u2019est pas suffisant.<\/b><\/p>\n<p><span style=\"font-weight: 400;\">\u00ab\u00a0L\u2019enjeu de l\u2019eau est primordial. Il ne peut pas \u00eatre mis de c\u00f4t\u00e9 puisqu\u2019il s\u2019agit d\u2019une ressource vitale et non rempla\u00e7able. Nous avons bon espoir d\u2019\u00eatre entendus par nos d\u00e9cideurs politiques et esp\u00e9rons qu\u2019ils comprendront l\u2019urgence \u00e0 laquelle on fait face. Nous sommes tous touch\u00e9s\u00a0\u00bb &#8211; Dominique Monchamp, directrice g\u00e9n\u00e9rale de la Fondation de Gasp\u00e9 Beaubien et membre du comit\u00e9 directeur de la Coalition canadienne pour des eaux saines<\/span><\/p>\n<h2><span style=\"font-weight: 400;\">Il faut agir!<\/span><\/h2>\n<p><a href=\"https:\/\/www.fondationdegaspebeaubien.org\/fr\/leconomie-bleue-on-y-croit\/\"><span style=\"font-weight: 400;\">La crise de l&rsquo;eau est bien r\u00e9elle et elle n\u2019est pas seulement dans les autres pays.<\/span><\/a><span style=\"font-weight: 400;\"> On retrouve 60\u00a0% de l\u2019eau douce et potable du monde dans neuf pays. Le Canada poss\u00e8de \u00e0 lui seul pr\u00e8s de 20\u00a0% des r\u00e9serves d\u2019eau douce renouvelables.\u00a0<\/span><\/p>\n<h3><span style=\"font-weight: 400;\">Les sources d\u2019eau douce<\/span><\/h3>\n<p><span style=\"font-weight: 400;\">Selon le Collaboratif Grands Lacs Saint-Laurent et son Plan d\u2019actions 2020-2030, <\/span><b>2,2 milliards de dollars sur 10 ans sont n\u00e9cessaires pour prot\u00e9ger les Grands Lacs et le Saint-Laurent.<\/b><span style=\"font-weight: 400;\"> On parle ici seulement des Grands Lacs et du Saint-Laurent. Le Canada compte pourtant 563 lacs d&rsquo;une superficie sup\u00e9rieure \u00e0 100 kilom\u00e8tres carr\u00e9s et le plus grand r\u00e9seau hydrographique au monde.<\/span><\/p>\n<h3><span style=\"font-weight: 400;\">Les infrastructures<\/span><\/h3>\n<p><span style=\"font-weight: 400;\">Il est important de pr\u00e9ciser que la sant\u00e9 de l\u2019eau ne passe pas seulement par la protection des sources d\u2019eau douce et int\u00e9rieures, mais aussi par la mise \u00e0 niveau et l\u2019entretien des infrastructures d\u2019aqueducs et de traitement des eaux. Selon le rapport annuel 2019 du centre d\u2019expertise et de recherche en infrastructures urbaines (CERIU), <\/span><b>au Qu\u00e9bec, nos infrastructures li\u00e9es \u00e0 l\u2019eau ont un d\u00e9ficit de maintien d\u2019actif de l\u2019ordre de 17 milliards de dollars. <\/b><span style=\"font-weight: 400;\">La situation est sans doute semblable dans les autres provinces.<\/span><\/p>\n<p><b>L\u2019investissement qui doit \u00eatre fait pour pr\u00e9server la sant\u00e9 des eaux douces et int\u00e9rieures \u00e0 l\u2019\u00e9chelle nationale est donc bien plus grand!<\/b><\/p>\n<h3><span style=\"font-weight: 400;\">Des solutions connues<\/span><\/h3>\n<p><span style=\"font-weight: 400;\">R\u00e9seau Environnement et Strat\u00e9gies Saint-Laurent ont identifi\u00e9 les enjeux importants en vue de r\u00e9ussir la modernisation des ouvrages municipaux d\u2019assainissement d\u2019eaux us\u00e9es (OMAEU) et des stations de r\u00e9cup\u00e9ration de ressources de l\u2019eau (StaRRE) au Qu\u00e9bec. Dans leur rapport <\/span><a href=\"https:\/\/reseau-environnement.com\/wp-content\/uploads\/2021\/03\/Rapport_9.pdf\"><span style=\"font-weight: 400;\">Assainissement 2.0<\/span><\/a><span style=\"font-weight: 400;\">, ils proposent des solutions \u00e0 dix enjeux majeurs\u00a0:<\/span><\/p>\n<ol>\n<li style=\"font-weight: 400;\" aria-level=\"1\"><span style=\"font-weight: 400;\">Bio-surveillance dans les \u00e9cosyst\u00e8mes<\/span><\/li>\n<li style=\"font-weight: 400;\" aria-level=\"1\"><span style=\"font-weight: 400;\">Un meilleur accompagnement, un guichet unique<\/span><\/li>\n<li style=\"font-weight: 400;\" aria-level=\"1\"><span style=\"font-weight: 400;\">Compos\u00e9s nocifs non norm\u00e9s<\/span><\/li>\n<li style=\"font-weight: 400;\" aria-level=\"1\"><span style=\"font-weight: 400;\">R\u00e9duction des d\u00e9bits et des contaminants \u00e0 la source<\/span><\/li>\n<li style=\"font-weight: 400;\" aria-level=\"1\"><span style=\"font-weight: 400;\">R\u00e9duction des surverses<\/span><\/li>\n<li style=\"font-weight: 400;\" aria-level=\"1\"><span style=\"font-weight: 400;\">Syst\u00e8mes non raccord\u00e9s<\/span><\/li>\n<li style=\"font-weight: 400;\" aria-level=\"1\"><span style=\"font-weight: 400;\">Projets pilotes et nouvelles technologies<\/span><\/li>\n<li style=\"font-weight: 400;\" aria-level=\"1\"><span style=\"font-weight: 400;\">Gouvernance<\/span><\/li>\n<li style=\"font-weight: 400;\" aria-level=\"1\"><span style=\"font-weight: 400;\">Financement stable et pr\u00e9visible<\/span><\/li>\n<li style=\"font-weight: 400;\" aria-level=\"1\"><span style=\"font-weight: 400;\">Plages et activit\u00e9s nautiques<\/span><\/li>\n<\/ol>\n<p>\u00ab Les recommandations propos\u00e9es s\u2019inscrivent dans une perspective d\u2019\u00e9conomie verte, qui est\u00a0une approche pour mettre en \u0153uvre le d\u00e9veloppement durable et qui entra\u00eene une am\u00e9lioration du bien-\u00eatre humain et de l\u2019\u00e9quit\u00e9 sociale tout en r\u00e9duisant de mani\u00e8re significative les risques environnementaux et la p\u00e9nurie des ressources.\u00a0\u00bb, expliquent R\u00e9seau Environnement et Strat\u00e9gies Saint-Laurent.<\/p>\n<h2><span style=\"font-weight: 400;\">Responsabilit\u00e9 partag\u00e9e<\/span><\/h2>\n<p><span style=\"font-weight: 400;\">Certes, la responsabilit\u00e9 de la protection de l\u2019eau et de sa gestion ne repose pas uniquement sur les \u00e9paules du gouvernement f\u00e9d\u00e9ral. Tous les paliers gouvernementaux sont concern\u00e9s\u00a0: pays, provinces, et municipalit\u00e9s. L\u2019ouverture d\u2019un dialogue avec nos \u00e9lus est toutefois une premi\u00e8re \u00e9tape vers la mise en place de solutions efficaces et p\u00e9rennes. Leur appui est n\u00e9cessaire ainsi que l\u2019obtention du financement dont nous avons besoin.<\/span><\/p>\n<h2><span style=\"font-weight: 400;\">Les organisateurs de\u00a0<em>A Day on the Hill for Water<\/em><\/span><\/h2>\n<p><span style=\"font-weight: 400;\">La <\/span><a href=\"https:\/\/coalitioneauxsaines.ca\/\"><span style=\"font-weight: 400;\">Coalition canadienne pour des eaux saines<\/span><\/a><span style=\"font-weight: 400;\"> est une coalition non partisane rassemblant plus de 60 organisations canadiennes partout au pays. Celles-ci se sont r\u00e9unies afin de d\u00e9fendre la sant\u00e9 des eaux douces et int\u00e9rieures sous toutes ses formes d\u2019un bout \u00e0 l\u2019autre du Canada. <\/span><a href=\"https:\/\/www.fondationdegaspebeaubien.org\/fr\/defendre-sante-eau-douce-avec-coalition-canadienne-pour-des-eaux-saines\/\"><span style=\"font-weight: 400;\">La Fondation de Gasp\u00e9 Beaubien en est fi\u00e8rement l\u2019un des membres instigateurs.<\/span><\/a><\/p>\n<p>&nbsp;<\/p>\n<p><span style=\"font-weight: 400;\">Les action de la Coalition reposent sur trois revendications\u00a0:<\/span><\/p>\n<ol>\n<li style=\"font-weight: 400;\" aria-level=\"1\"><span style=\"font-weight: 400;\">\u00c9tablir une solide Agence canadienne de l\u2019eau.<\/span><\/li>\n<li style=\"font-weight: 400;\" aria-level=\"1\"><span style=\"font-weight: 400;\">Renouveler la Loi sur les ressources en eau du Canada vieille de plus de 50 ans.<\/span><\/li>\n<li style=\"font-weight: 400;\" aria-level=\"1\"><span style=\"font-weight: 400;\">Mettre sur pied un Fonds canadien de l\u2019eau afin d\u2019investir 225 millions de dollars par ann\u00e9e dans la sant\u00e9 des eaux canadiennes.<\/span><\/li>\n<\/ol>\n<p><span style=\"font-weight: 400;\">Si ces revendications vous interpellent et que vous avez \u00e0 c\u0153ur la protection de l\u2019eau au Canada, <\/span><a href=\"https:\/\/coalitioneauxsaines.ca\/devenir-membre\/\"><span style=\"font-weight: 400;\">devenez membre de la Coalition<\/span><\/a><span style=\"font-weight: 400;\"> et joignez-vous \u00e0 nous les 18 et 19 octobre pour <\/span><i><span style=\"font-weight: 400;\">A Day on the Hill for Water.<\/span><\/i><\/p>\n","protected":false},"excerpt":{"rendered":"<p>Les 18 et 19 octobre, un \u00e9v\u00e9nement important se tiendra sur la colline parlementaire pour la toute premi\u00e8re fois A Day on the Hill for Water. La Coalition canadienne pour des eaux saines donne donc rendez-vous \u00e0 ses membres et \u00e0 plus d\u2019une vingtaine de d\u00e9cideurs du Gouvernement canadien sur la colline parlementaire afin de [&hellip;]<\/p>\n","protected":false},"author":1,"featured_media":2030,"comment_status":"open","ping_status":"open","sticky":false,"template":"","format":"standard","meta":{"_acf_changed":false,"footnotes":""},"categories":[112],"tags":[],"class_list":["post-2029","post","type-post","status-publish","format-standard","has-post-thumbnail","hentry","category-aquaaction"],"acf":[],"yoast_head":"<!-- This site is optimized with the Yoast SEO plugin v27.3 - https:\/\/yoast.com\/product\/yoast-seo-wordpress\/ -->\n<title>A Day on the Hill for Water : Rencontre avec nos \u00e9lus pour l\u2019avenir de l\u2019eau - Fondation de Gasp\u00e9 Beaubien<\/title>\n<meta name=\"description\" content=\"Les 18 et 19 octobre, un \u00e9v\u00e9nement important se tiendra sur la colline parlementaire pour la premi\u00e8re fois : A Day on the Hill for Water.\" \/>\n<meta name=\"robots\" content=\"index, follow, max-snippet:-1, max-image-preview:large, max-video-preview:-1\" \/>\n<link rel=\"canonical\" href=\"https:\/\/www.fondationdegaspebeaubien.org\/fr\/a-day-on-the-hill-for-water-rencontre-avec-elus-pour-avenir-eau\/\" \/>\n<meta property=\"og:locale\" content=\"fr_FR\" \/>\n<meta property=\"og:type\" content=\"article\" \/>\n<meta property=\"og:title\" content=\"A Day on the Hill for Water : Rencontre avec nos \u00e9lus pour l\u2019avenir de l\u2019eau - Fondation de Gasp\u00e9 Beaubien\" \/>\n<meta property=\"og:description\" content=\"Les 18 et 19 octobre, un \u00e9v\u00e9nement important se tiendra sur la colline parlementaire pour la premi\u00e8re fois : A Day on the Hill for Water.\" \/>\n<meta property=\"og:url\" content=\"https:\/\/www.fondationdegaspebeaubien.org\/fr\/a-day-on-the-hill-for-water-rencontre-avec-elus-pour-avenir-eau\/\" \/>\n<meta property=\"og:site_name\" content=\"Fondation de Gasp\u00e9 Beaubien\" \/>\n<meta property=\"article:published_time\" content=\"2022-10-06T11:00:04+00:00\" \/>\n<meta property=\"og:image\" content=\"https:\/\/www.fondationdegaspebeaubien.org\/wp-content\/uploads\/2022\/10\/4-parliament-gcfadbcd4e_1920.jpg\" \/>\n\t<meta property=\"og:image:width\" content=\"1920\" \/>\n\t<meta property=\"og:image:height\" content=\"1280\" \/>\n\t<meta property=\"og:image:type\" content=\"image\/jpeg\" \/>\n<meta name=\"author\" content=\"smartbugmedia\" \/>\n<meta name=\"twitter:card\" content=\"summary_large_image\" \/>\n<meta name=\"twitter:label1\" content=\"\u00c9crit par\" \/>\n\t<meta name=\"twitter:data1\" content=\"smartbugmedia\" \/>\n\t<meta name=\"twitter:label2\" content=\"Dur\u00e9e de lecture estim\u00e9e\" \/>\n\t<meta name=\"twitter:data2\" content=\"4 minutes\" \/>\n<script type=\"application\/ld+json\" class=\"yoast-schema-graph\">{\"@context\":\"https:\\\/\\\/schema.org\",\"@graph\":[{\"@type\":\"Article\",\"@id\":\"https:\\\/\\\/www.fondationdegaspebeaubien.org\\\/fr\\\/a-day-on-the-hill-for-water-rencontre-avec-elus-pour-avenir-eau\\\/#article\",\"isPartOf\":{\"@id\":\"https:\\\/\\\/www.fondationdegaspebeaubien.org\\\/fr\\\/a-day-on-the-hill-for-water-rencontre-avec-elus-pour-avenir-eau\\\/\"},\"author\":{\"name\":\"smartbugmedia\",\"@id\":\"https:\\\/\\\/www.fondationdegaspebeaubien.org\\\/en\\\/#\\\/schema\\\/person\\\/e84c883213d8e6cb00f1775074c74263\"},\"headline\":\"A Day on the Hill for Water : Rencontre avec nos \u00e9lus pour l\u2019avenir de l\u2019eau\",\"datePublished\":\"2022-10-06T11:00:04+00:00\",\"mainEntityOfPage\":{\"@id\":\"https:\\\/\\\/www.fondationdegaspebeaubien.org\\\/fr\\\/a-day-on-the-hill-for-water-rencontre-avec-elus-pour-avenir-eau\\\/\"},\"wordCount\":876,\"commentCount\":1,\"image\":{\"@id\":\"https:\\\/\\\/www.fondationdegaspebeaubien.org\\\/fr\\\/a-day-on-the-hill-for-water-rencontre-avec-elus-pour-avenir-eau\\\/#primaryimage\"},\"thumbnailUrl\":\"https:\\\/\\\/www.fondationdegaspebeaubien.org\\\/wp-content\\\/uploads\\\/2022\\\/10\\\/4-parliament-gcfadbcd4e_1920.jpg\",\"articleSection\":[\"AquaAction\"],\"inLanguage\":\"fr-FR\",\"potentialAction\":[{\"@type\":\"CommentAction\",\"name\":\"Comment\",\"target\":[\"https:\\\/\\\/www.fondationdegaspebeaubien.org\\\/fr\\\/a-day-on-the-hill-for-water-rencontre-avec-elus-pour-avenir-eau\\\/#respond\"]}]},{\"@type\":\"WebPage\",\"@id\":\"https:\\\/\\\/www.fondationdegaspebeaubien.org\\\/fr\\\/a-day-on-the-hill-for-water-rencontre-avec-elus-pour-avenir-eau\\\/\",\"url\":\"https:\\\/\\\/www.fondationdegaspebeaubien.org\\\/fr\\\/a-day-on-the-hill-for-water-rencontre-avec-elus-pour-avenir-eau\\\/\",\"name\":\"A Day on the Hill for Water : Rencontre avec nos \u00e9lus pour l\u2019avenir de l\u2019eau - Fondation de Gasp\u00e9 Beaubien\",\"isPartOf\":{\"@id\":\"https:\\\/\\\/www.fondationdegaspebeaubien.org\\\/en\\\/#website\"},\"primaryImageOfPage\":{\"@id\":\"https:\\\/\\\/www.fondationdegaspebeaubien.org\\\/fr\\\/a-day-on-the-hill-for-water-rencontre-avec-elus-pour-avenir-eau\\\/#primaryimage\"},\"image\":{\"@id\":\"https:\\\/\\\/www.fondationdegaspebeaubien.org\\\/fr\\\/a-day-on-the-hill-for-water-rencontre-avec-elus-pour-avenir-eau\\\/#primaryimage\"},\"thumbnailUrl\":\"https:\\\/\\\/www.fondationdegaspebeaubien.org\\\/wp-content\\\/uploads\\\/2022\\\/10\\\/4-parliament-gcfadbcd4e_1920.jpg\",\"datePublished\":\"2022-10-06T11:00:04+00:00\",\"author\":{\"@id\":\"https:\\\/\\\/www.fondationdegaspebeaubien.org\\\/en\\\/#\\\/schema\\\/person\\\/e84c883213d8e6cb00f1775074c74263\"},\"description\":\"Les 18 et 19 octobre, un \u00e9v\u00e9nement important se tiendra sur la colline parlementaire pour la premi\u00e8re fois : A Day on the Hill for Water.\",\"breadcrumb\":{\"@id\":\"https:\\\/\\\/www.fondationdegaspebeaubien.org\\\/fr\\\/a-day-on-the-hill-for-water-rencontre-avec-elus-pour-avenir-eau\\\/#breadcrumb\"},\"inLanguage\":\"fr-FR\",\"potentialAction\":[{\"@type\":\"ReadAction\",\"target\":[\"https:\\\/\\\/www.fondationdegaspebeaubien.org\\\/fr\\\/a-day-on-the-hill-for-water-rencontre-avec-elus-pour-avenir-eau\\\/\"]}]},{\"@type\":\"ImageObject\",\"inLanguage\":\"fr-FR\",\"@id\":\"https:\\\/\\\/www.fondationdegaspebeaubien.org\\\/fr\\\/a-day-on-the-hill-for-water-rencontre-avec-elus-pour-avenir-eau\\\/#primaryimage\",\"url\":\"https:\\\/\\\/www.fondationdegaspebeaubien.org\\\/wp-content\\\/uploads\\\/2022\\\/10\\\/4-parliament-gcfadbcd4e_1920.jpg\",\"contentUrl\":\"https:\\\/\\\/www.fondationdegaspebeaubien.org\\\/wp-content\\\/uploads\\\/2022\\\/10\\\/4-parliament-gcfadbcd4e_1920.jpg\",\"width\":1920,\"height\":1280,\"caption\":\"Colline parlementaire \u00e0 Ottawa o\u00f9 se tiendra A Day on the Hill for Water\"},{\"@type\":\"BreadcrumbList\",\"@id\":\"https:\\\/\\\/www.fondationdegaspebeaubien.org\\\/fr\\\/a-day-on-the-hill-for-water-rencontre-avec-elus-pour-avenir-eau\\\/#breadcrumb\",\"itemListElement\":[{\"@type\":\"ListItem\",\"position\":1,\"name\":\"Home\",\"item\":\"https:\\\/\\\/www.fondationdegaspebeaubien.org\\\/fr\\\/\"},{\"@type\":\"ListItem\",\"position\":2,\"name\":\"A Day on the Hill for Water : Rencontre avec nos \u00e9lus pour l\u2019avenir de l\u2019eau\"}]},{\"@type\":\"WebSite\",\"@id\":\"https:\\\/\\\/www.fondationdegaspebeaubien.org\\\/en\\\/#website\",\"url\":\"https:\\\/\\\/www.fondationdegaspebeaubien.org\\\/en\\\/\",\"name\":\"Fondation de Gasp\u00e9 Beaubien\",\"description\":\"Appuyer le changement au sein de la communaut\u00e9\",\"potentialAction\":[{\"@type\":\"SearchAction\",\"target\":{\"@type\":\"EntryPoint\",\"urlTemplate\":\"https:\\\/\\\/www.fondationdegaspebeaubien.org\\\/en\\\/?s={search_term_string}\"},\"query-input\":{\"@type\":\"PropertyValueSpecification\",\"valueRequired\":true,\"valueName\":\"search_term_string\"}}],\"inLanguage\":\"fr-FR\"},{\"@type\":\"Person\",\"@id\":\"https:\\\/\\\/www.fondationdegaspebeaubien.org\\\/en\\\/#\\\/schema\\\/person\\\/e84c883213d8e6cb00f1775074c74263\",\"name\":\"smartbugmedia\",\"image\":{\"@type\":\"ImageObject\",\"inLanguage\":\"fr-FR\",\"@id\":\"https:\\\/\\\/secure.gravatar.com\\\/avatar\\\/97b857c2b07334a0c01d0a4c9531e3bbfbced011ed68c984b0e56002a21bde47?s=96&d=mm&r=g\",\"url\":\"https:\\\/\\\/secure.gravatar.com\\\/avatar\\\/97b857c2b07334a0c01d0a4c9531e3bbfbced011ed68c984b0e56002a21bde47?s=96&d=mm&r=g\",\"contentUrl\":\"https:\\\/\\\/secure.gravatar.com\\\/avatar\\\/97b857c2b07334a0c01d0a4c9531e3bbfbced011ed68c984b0e56002a21bde47?s=96&d=mm&r=g\",\"caption\":\"smartbugmedia\"},\"url\":\"https:\\\/\\\/www.fondationdegaspebeaubien.org\\\/fr\\\/author\\\/cms\\\/\"}]}<\/script>\n<!-- \/ Yoast SEO plugin. -->","yoast_head_json":{"title":"A Day on the Hill for Water : Rencontre avec nos \u00e9lus pour l\u2019avenir de l\u2019eau - Fondation de Gasp\u00e9 Beaubien","description":"Les 18 et 19 octobre, un \u00e9v\u00e9nement important se tiendra sur la colline parlementaire pour la premi\u00e8re fois : A Day on the Hill for Water.","robots":{"index":"index","follow":"follow","max-snippet":"max-snippet:-1","max-image-preview":"max-image-preview:large","max-video-preview":"max-video-preview:-1"},"canonical":"https:\/\/www.fondationdegaspebeaubien.org\/fr\/a-day-on-the-hill-for-water-rencontre-avec-elus-pour-avenir-eau\/","og_locale":"fr_FR","og_type":"article","og_title":"A Day on the Hill for Water : Rencontre avec nos \u00e9lus pour l\u2019avenir de l\u2019eau - Fondation de Gasp\u00e9 Beaubien","og_description":"Les 18 et 19 octobre, un \u00e9v\u00e9nement important se tiendra sur la colline parlementaire pour la premi\u00e8re fois : A Day on the Hill for Water.","og_url":"https:\/\/www.fondationdegaspebeaubien.org\/fr\/a-day-on-the-hill-for-water-rencontre-avec-elus-pour-avenir-eau\/","og_site_name":"Fondation de Gasp\u00e9 Beaubien","article_published_time":"2022-10-06T11:00:04+00:00","og_image":[{"width":1920,"height":1280,"url":"https:\/\/www.fondationdegaspebeaubien.org\/wp-content\/uploads\/2022\/10\/4-parliament-gcfadbcd4e_1920.jpg","type":"image\/jpeg"}],"author":"smartbugmedia","twitter_card":"summary_large_image","twitter_misc":{"\u00c9crit par":"smartbugmedia","Dur\u00e9e de lecture estim\u00e9e":"4 minutes"},"schema":{"@context":"https:\/\/schema.org","@graph":[{"@type":"Article","@id":"https:\/\/www.fondationdegaspebeaubien.org\/fr\/a-day-on-the-hill-for-water-rencontre-avec-elus-pour-avenir-eau\/#article","isPartOf":{"@id":"https:\/\/www.fondationdegaspebeaubien.org\/fr\/a-day-on-the-hill-for-water-rencontre-avec-elus-pour-avenir-eau\/"},"author":{"name":"smartbugmedia","@id":"https:\/\/www.fondationdegaspebeaubien.org\/en\/#\/schema\/person\/e84c883213d8e6cb00f1775074c74263"},"headline":"A Day on the Hill for Water : Rencontre avec nos \u00e9lus pour l\u2019avenir de l\u2019eau","datePublished":"2022-10-06T11:00:04+00:00","mainEntityOfPage":{"@id":"https:\/\/www.fondationdegaspebeaubien.org\/fr\/a-day-on-the-hill-for-water-rencontre-avec-elus-pour-avenir-eau\/"},"wordCount":876,"commentCount":1,"image":{"@id":"https:\/\/www.fondationdegaspebeaubien.org\/fr\/a-day-on-the-hill-for-water-rencontre-avec-elus-pour-avenir-eau\/#primaryimage"},"thumbnailUrl":"https:\/\/www.fondationdegaspebeaubien.org\/wp-content\/uploads\/2022\/10\/4-parliament-gcfadbcd4e_1920.jpg","articleSection":["AquaAction"],"inLanguage":"fr-FR","potentialAction":[{"@type":"CommentAction","name":"Comment","target":["https:\/\/www.fondationdegaspebeaubien.org\/fr\/a-day-on-the-hill-for-water-rencontre-avec-elus-pour-avenir-eau\/#respond"]}]},{"@type":"WebPage","@id":"https:\/\/www.fondationdegaspebeaubien.org\/fr\/a-day-on-the-hill-for-water-rencontre-avec-elus-pour-avenir-eau\/","url":"https:\/\/www.fondationdegaspebeaubien.org\/fr\/a-day-on-the-hill-for-water-rencontre-avec-elus-pour-avenir-eau\/","name":"A Day on the Hill for Water : Rencontre avec nos \u00e9lus pour l\u2019avenir de l\u2019eau - Fondation de Gasp\u00e9 Beaubien","isPartOf":{"@id":"https:\/\/www.fondationdegaspebeaubien.org\/en\/#website"},"primaryImageOfPage":{"@id":"https:\/\/www.fondationdegaspebeaubien.org\/fr\/a-day-on-the-hill-for-water-rencontre-avec-elus-pour-avenir-eau\/#primaryimage"},"image":{"@id":"https:\/\/www.fondationdegaspebeaubien.org\/fr\/a-day-on-the-hill-for-water-rencontre-avec-elus-pour-avenir-eau\/#primaryimage"},"thumbnailUrl":"https:\/\/www.fondationdegaspebeaubien.org\/wp-content\/uploads\/2022\/10\/4-parliament-gcfadbcd4e_1920.jpg","datePublished":"2022-10-06T11:00:04+00:00","author":{"@id":"https:\/\/www.fondationdegaspebeaubien.org\/en\/#\/schema\/person\/e84c883213d8e6cb00f1775074c74263"},"description":"Les 18 et 19 octobre, un \u00e9v\u00e9nement important se tiendra sur la colline parlementaire pour la premi\u00e8re fois : A Day on the Hill for Water.","breadcrumb":{"@id":"https:\/\/www.fondationdegaspebeaubien.org\/fr\/a-day-on-the-hill-for-water-rencontre-avec-elus-pour-avenir-eau\/#breadcrumb"},"inLanguage":"fr-FR","potentialAction":[{"@type":"ReadAction","target":["https:\/\/www.fondationdegaspebeaubien.org\/fr\/a-day-on-the-hill-for-water-rencontre-avec-elus-pour-avenir-eau\/"]}]},{"@type":"ImageObject","inLanguage":"fr-FR","@id":"https:\/\/www.fondationdegaspebeaubien.org\/fr\/a-day-on-the-hill-for-water-rencontre-avec-elus-pour-avenir-eau\/#primaryimage","url":"https:\/\/www.fondationdegaspebeaubien.org\/wp-content\/uploads\/2022\/10\/4-parliament-gcfadbcd4e_1920.jpg","contentUrl":"https:\/\/www.fondationdegaspebeaubien.org\/wp-content\/uploads\/2022\/10\/4-parliament-gcfadbcd4e_1920.jpg","width":1920,"height":1280,"caption":"Colline parlementaire \u00e0 Ottawa o\u00f9 se tiendra A Day on the Hill for Water"},{"@type":"BreadcrumbList","@id":"https:\/\/www.fondationdegaspebeaubien.org\/fr\/a-day-on-the-hill-for-water-rencontre-avec-elus-pour-avenir-eau\/#breadcrumb","itemListElement":[{"@type":"ListItem","position":1,"name":"Home","item":"https:\/\/www.fondationdegaspebeaubien.org\/fr\/"},{"@type":"ListItem","position":2,"name":"A Day on the Hill for Water : Rencontre avec nos \u00e9lus pour l\u2019avenir de l\u2019eau"}]},{"@type":"WebSite","@id":"https:\/\/www.fondationdegaspebeaubien.org\/en\/#website","url":"https:\/\/www.fondationdegaspebeaubien.org\/en\/","name":"Fondation de Gasp\u00e9 Beaubien","description":"Appuyer le changement au sein de la communaut\u00e9","potentialAction":[{"@type":"SearchAction","target":{"@type":"EntryPoint","urlTemplate":"https:\/\/www.fondationdegaspebeaubien.org\/en\/?s={search_term_string}"},"query-input":{"@type":"PropertyValueSpecification","valueRequired":true,"valueName":"search_term_string"}}],"inLanguage":"fr-FR"},{"@type":"Person","@id":"https:\/\/www.fondationdegaspebeaubien.org\/en\/#\/schema\/person\/e84c883213d8e6cb00f1775074c74263","name":"smartbugmedia","image":{"@type":"ImageObject","inLanguage":"fr-FR","@id":"https:\/\/secure.gravatar.com\/avatar\/97b857c2b07334a0c01d0a4c9531e3bbfbced011ed68c984b0e56002a21bde47?s=96&d=mm&r=g","url":"https:\/\/secure.gravatar.com\/avatar\/97b857c2b07334a0c01d0a4c9531e3bbfbced011ed68c984b0e56002a21bde47?s=96&d=mm&r=g","contentUrl":"https:\/\/secure.gravatar.com\/avatar\/97b857c2b07334a0c01d0a4c9531e3bbfbced011ed68c984b0e56002a21bde47?s=96&d=mm&r=g","caption":"smartbugmedia"},"url":"https:\/\/www.fondationdegaspebeaubien.org\/fr\/author\/cms\/"}]}},"_links":{"self":[{"href":"https:\/\/www.fondationdegaspebeaubien.org\/fr\/wp-json\/wp\/v2\/posts\/2029","targetHints":{"allow":["GET"]}}],"collection":[{"href":"https:\/\/www.fondationdegaspebeaubien.org\/fr\/wp-json\/wp\/v2\/posts"}],"about":[{"href":"https:\/\/www.fondationdegaspebeaubien.org\/fr\/wp-json\/wp\/v2\/types\/post"}],"author":[{"embeddable":true,"href":"https:\/\/www.fondationdegaspebeaubien.org\/fr\/wp-json\/wp\/v2\/users\/1"}],"replies":[{"embeddable":true,"href":"https:\/\/www.fondationdegaspebeaubien.org\/fr\/wp-json\/wp\/v2\/comments?post=2029"}],"version-history":[{"count":9,"href":"https:\/\/www.fondationdegaspebeaubien.org\/fr\/wp-json\/wp\/v2\/posts\/2029\/revisions"}],"predecessor-version":[{"id":2042,"href":"https:\/\/www.fondationdegaspebeaubien.org\/fr\/wp-json\/wp\/v2\/posts\/2029\/revisions\/2042"}],"wp:featuredmedia":[{"embeddable":true,"href":"https:\/\/www.fondationdegaspebeaubien.org\/fr\/wp-json\/wp\/v2\/media\/2030"}],"wp:attachment":[{"href":"https:\/\/www.fondationdegaspebeaubien.org\/fr\/wp-json\/wp\/v2\/media?parent=2029"}],"wp:term":[{"taxonomy":"category","embeddable":true,"href":"https:\/\/www.fondationdegaspebeaubien.org\/fr\/wp-json\/wp\/v2\/categories?post=2029"},{"taxonomy":"post_tag","embeddable":true,"href":"https:\/\/www.fondationdegaspebeaubien.org\/fr\/wp-json\/wp\/v2\/tags?post=2029"}],"curies":[{"name":"wp","href":"https:\/\/api.w.org\/{rel}","templated":true}]}}