{"id":2045,"date":"2022-11-24T07:10:27","date_gmt":"2022-11-24T12:10:27","guid":{"rendered":"https:\/\/www.fondationdegaspebeaubien.org\/?p=2045"},"modified":"2023-10-11T11:24:29","modified_gmt":"2023-10-11T15:24:29","slug":"famille-en-affaires-un-jour-famille-en-affaires-toujours","status":"publish","type":"post","link":"https:\/\/www.fondationdegaspebeaubien.org\/fr\/famille-en-affaires-un-jour-famille-en-affaires-toujours\/","title":{"rendered":"Famille en affaires un jour, famille en affaires toujours"},"content":{"rendered":"<p><span style=\"font-weight: 400;\">Les efforts philanthropiques de la Fondation de Gasp\u00e9 Beaubien &#8211; et par le fait m\u00eame les efforts de ses fondateurs, Philippe et Nan-b &#8211; se concentrent aujourd\u2019hui sur <\/span><a href=\"https:\/\/www.fondationdegaspebeaubien.org\/fr\/a-day-on-the-hill-for-water-rencontre-avec-elus-pour-avenir-eau\/\"><span style=\"font-weight: 400;\">l\u2019avenir de l\u2019eau<\/span><\/a><span style=\"font-weight: 400;\"> et les enjeux environnementaux et sociaux qui y sont li\u00e9s. Leurs actions philanthropiques pr\u00e9c\u00e8dent toutefois leur implication dans cette cause. Au cours des <\/span><a href=\"https:\/\/www.fondationdegaspebeaubien.org\/fr\/plus-de-30-ans-implication-et-innovation-pour-la-fondation\/\"><span style=\"font-weight: 400;\">30 derni\u00e8res ann\u00e9es<\/span><\/a><span style=\"font-weight: 400;\">, la famille de Gasp\u00e9 Beaubien s\u2019est investie dans de nombreux domaines. <strong>La premi\u00e8re cause soutenue par la famille n\u2019est pas oubli\u00e9e et gardera une place sp\u00e9ciale\u00a0: les familles en affaires.<\/strong><\/span><\/p>\n<h2><span style=\"font-weight: 400;\">Un int\u00e9r\u00eat personnel d\u00e8s le d\u00e9but<\/span><\/h2>\n<p><span style=\"font-weight: 400;\">Ce n\u2019est pas un secret, la famille de Gasp\u00e9 Beaubien est en affaires depuis bien longtemps. <\/span><span style=\"font-weight: 400;\">Poss\u00e9der, g\u00e9rer et c\u00e9der une entreprise familiale a un impact sur chacun des membres de la famille. Les de Gasp\u00e9 Beaubien n\u2019y \u00e9chappent pas.\u00a0<\/span><\/p>\n<p><span style=\"font-weight: 400;\">Dans les ann\u00e9es 90, les enfants de Philippe et Nan-b prenaient chacun \u00e0 sa fa\u00e7on un r\u00f4le dans l&rsquo;entreprise. La fronti\u00e8re entre vie familiale et vie professionnelle est alors devenue mouvante, incertaine. Ils ont r\u00e9alis\u00e9 que les d\u00e9fis auxquels ils \u00e9taient confront\u00e9s en tant que famille d&rsquo;affaires \u00e9taient fort semblables aux enjeux de leurs pairs. C\u2019est ainsi que la Fondation pour les familles en affaires a vu le jour en 1999.\u00a0<\/span><\/p>\n<p><span style=\"font-weight: 400;\">En 2020, suite \u00e0 la fusion avec Family Enterprise Canada Foundation, qui oeuvrait dans le m\u00eame millieu, l\u2019organisme est devenu la <\/span><a href=\"https:\/\/familyenterprisefoundation.org\/\"><span style=\"font-weight: 400;\">Family Enterprise Foundation<\/span><\/a><span style=\"font-weight: 400;\">. L\u2019apport de Philippe et Nan-b est toujours reconnu par la Fondation : \u00ab As honorary board members of Family Enterprise Foundation (FEF) and co-chairs of the de Gasp\u00e9 Beaubien Foundation, Nan-B and Philippe devote their time and energy to the advancement of family enterprise. Pioneers in their field, they continue to break new ground supporting global enterprising families, women\u2019s issues, public health and environmental causes. Imparting knowledge, wisdom and serving others, their special passion is devoted to helping the next generation [&#8230;]. \u00bb &#8211; Family Enterprise Foundation<\/span><\/p>\n<h2><span style=\"font-weight: 400;\">Encore d\u2019actualit\u00e9 aujourd\u2019hui<\/span><\/h2>\n<p><span style=\"font-weight: 400;\">Plus de 20 ans apr\u00e8s la cr\u00e9ation de la Fondation pour les familles en affaires, la famille de Gasp\u00e9 Beaubien n\u2019en est plus \u00e0 la t\u00eate, mais la mission de la fondation la touche toujours. Cela reste un sujet cl\u00e9 pour chaque membre de la famille.<\/span><\/p>\n<p><span style=\"font-weight: 400;\">Respectivement \u00e2g\u00e9s de 95 ans et 87 ans, Philippe et Nan-b ont \u00e9videmment \u00e0 c\u0153ur le bonheur de leurs enfants et leurs petits-enfants et ce, dans leurs vies personnelles et professionnelles. Leadership et esprit entrepreneurial semblent se transmettre de g\u00e9n\u00e9ration en g\u00e9n\u00e9ration. Les apprentissages acquis par la fondation et les outils cr\u00e9\u00e9s sont donc utiles \u00e0 des milliers de familles dans le monde, incluant la famille de Gasp\u00e9 Beaubien.\u00a0<\/span><\/p>\n<h2><span style=\"font-weight: 400;\">\u00c7a ne s\u2019arr\u00eate pas l\u00e0<\/span><\/h2>\n<p><span style=\"font-weight: 400;\">M\u00eame si Philippe et Nan-b sont dor\u00e9navant moins actifs pour la cause des familles entrepreneuriales, ils restent impliqu\u00e9s en arri\u00e8re sc\u00e8ne. Leur parcours professionnel, mais aussi personnel, ne peut en faire autrement.<\/span><\/p>\n<p><span style=\"font-weight: 400;\">\u00ab On est tr\u00e8s fiers de ce que nous avons fond\u00e9 dans le pass\u00e9! M\u00eame si nous sommes aujourd\u2019hui plus silencieux, il n\u2019en reste pas moins que nous continuons de nous engager pour la cause des familles en affaires. Je ne peux pas trop en parler, mais sachez qu\u2019on travaille sur un tout nouveau projet en lien avec cela. \u00c7a verra le jour en 2023! \u00bb &#8211; <\/span><span style=\"font-weight: 400;\">Nan-b de Gasp\u00e9 Beaubien<\/span><\/p>\n<p>Il faudra attendre la nouvelle ann\u00e9e avant d\u2019en savoir plus. Philippe, Nan-b et toute l\u2019\u00e9quipe de la Fondation de Gasp\u00e9 Beaubien ont h\u00e2te de pouvoir en discuter davantage.<\/p>\n","protected":false},"excerpt":{"rendered":"<p>Les efforts philanthropiques de la Fondation de Gasp\u00e9 Beaubien &#8211; et par le fait m\u00eame les efforts de ses fondateurs, Philippe et Nan-b &#8211; se concentrent aujourd\u2019hui sur l\u2019avenir de l\u2019eau et les enjeux environnementaux et sociaux qui y sont li\u00e9s. Leurs actions philanthropiques pr\u00e9c\u00e8dent toutefois leur implication dans cette cause. Au cours des 30 [&hellip;]<\/p>\n","protected":false},"author":1,"featured_media":2051,"comment_status":"open","ping_status":"open","sticky":false,"template":"","format":"standard","meta":{"_acf_changed":false,"footnotes":""},"categories":[148,73],"tags":[],"class_list":["post-2045","post","type-post","status-publish","format-standard","has-post-thumbnail","hentry","category-actions-communautaires","category-familles-en-affaires"],"acf":[],"yoast_head":"<!-- This site is optimized with the Yoast SEO plugin v27.3 - https:\/\/yoast.com\/product\/yoast-seo-wordpress\/ -->\n<title>Famille en affaires un jour, famille en affaires toujours - Fondation de Gasp\u00e9 Beaubien<\/title>\n<meta name=\"description\" content=\"La premi\u00e8re cause soutenue par la famille de Gasp\u00e9 Beaubien n\u2019est pas oubli\u00e9e et garde une place sp\u00e9ciale\u00a0: les familles en affaires.\" \/>\n<meta name=\"robots\" content=\"index, follow, max-snippet:-1, max-image-preview:large, max-video-preview:-1\" \/>\n<link rel=\"canonical\" href=\"https:\/\/www.fondationdegaspebeaubien.org\/fr\/famille-en-affaires-un-jour-famille-en-affaires-toujours\/\" \/>\n<meta property=\"og:locale\" content=\"fr_FR\" \/>\n<meta property=\"og:type\" content=\"article\" \/>\n<meta property=\"og:title\" content=\"Famille en affaires un jour, famille en affaires toujours - Fondation de Gasp\u00e9 Beaubien\" \/>\n<meta property=\"og:description\" content=\"La premi\u00e8re cause soutenue par la famille de Gasp\u00e9 Beaubien n\u2019est pas oubli\u00e9e et garde une place sp\u00e9ciale\u00a0: les familles en affaires.\" \/>\n<meta property=\"og:url\" content=\"https:\/\/www.fondationdegaspebeaubien.org\/fr\/famille-en-affaires-un-jour-famille-en-affaires-toujours\/\" \/>\n<meta property=\"og:site_name\" content=\"Fondation de Gasp\u00e9 Beaubien\" \/>\n<meta property=\"article:published_time\" content=\"2022-11-24T12:10:27+00:00\" \/>\n<meta property=\"article:modified_time\" content=\"2023-10-11T15:24:29+00:00\" \/>\n<meta property=\"og:image\" content=\"https:\/\/www.fondationdegaspebeaubien.org\/wp-content\/uploads\/2022\/11\/Blogue-Nov-2022-scaled.jpg\" \/>\n\t<meta property=\"og:image:width\" content=\"2560\" \/>\n\t<meta property=\"og:image:height\" content=\"1703\" \/>\n\t<meta property=\"og:image:type\" content=\"image\/jpeg\" \/>\n<meta name=\"author\" content=\"smartbugmedia\" \/>\n<meta name=\"twitter:card\" content=\"summary_large_image\" \/>\n<meta name=\"twitter:label1\" content=\"\u00c9crit par\" \/>\n\t<meta name=\"twitter:data1\" content=\"smartbugmedia\" \/>\n\t<meta name=\"twitter:label2\" content=\"Dur\u00e9e de lecture estim\u00e9e\" \/>\n\t<meta name=\"twitter:data2\" content=\"3 minutes\" \/>\n<script type=\"application\/ld+json\" class=\"yoast-schema-graph\">{\"@context\":\"https:\\\/\\\/schema.org\",\"@graph\":[{\"@type\":\"Article\",\"@id\":\"https:\\\/\\\/www.fondationdegaspebeaubien.org\\\/fr\\\/famille-en-affaires-un-jour-famille-en-affaires-toujours\\\/#article\",\"isPartOf\":{\"@id\":\"https:\\\/\\\/www.fondationdegaspebeaubien.org\\\/fr\\\/famille-en-affaires-un-jour-famille-en-affaires-toujours\\\/\"},\"author\":{\"name\":\"smartbugmedia\",\"@id\":\"https:\\\/\\\/www.fondationdegaspebeaubien.org\\\/en\\\/#\\\/schema\\\/person\\\/e84c883213d8e6cb00f1775074c74263\"},\"headline\":\"Famille en affaires un jour, famille en affaires toujours\",\"datePublished\":\"2022-11-24T12:10:27+00:00\",\"dateModified\":\"2023-10-11T15:24:29+00:00\",\"mainEntityOfPage\":{\"@id\":\"https:\\\/\\\/www.fondationdegaspebeaubien.org\\\/fr\\\/famille-en-affaires-un-jour-famille-en-affaires-toujours\\\/\"},\"wordCount\":623,\"commentCount\":0,\"image\":{\"@id\":\"https:\\\/\\\/www.fondationdegaspebeaubien.org\\\/fr\\\/famille-en-affaires-un-jour-famille-en-affaires-toujours\\\/#primaryimage\"},\"thumbnailUrl\":\"https:\\\/\\\/www.fondationdegaspebeaubien.org\\\/wp-content\\\/uploads\\\/2022\\\/11\\\/Blogue-Nov-2022-scaled.jpg\",\"articleSection\":[\"Actions communautaires\",\"Familles en affaires - Archives\"],\"inLanguage\":\"fr-FR\",\"potentialAction\":[{\"@type\":\"CommentAction\",\"name\":\"Comment\",\"target\":[\"https:\\\/\\\/www.fondationdegaspebeaubien.org\\\/fr\\\/famille-en-affaires-un-jour-famille-en-affaires-toujours\\\/#respond\"]}]},{\"@type\":\"WebPage\",\"@id\":\"https:\\\/\\\/www.fondationdegaspebeaubien.org\\\/fr\\\/famille-en-affaires-un-jour-famille-en-affaires-toujours\\\/\",\"url\":\"https:\\\/\\\/www.fondationdegaspebeaubien.org\\\/fr\\\/famille-en-affaires-un-jour-famille-en-affaires-toujours\\\/\",\"name\":\"Famille en affaires un jour, famille en affaires toujours - Fondation de Gasp\u00e9 Beaubien\",\"isPartOf\":{\"@id\":\"https:\\\/\\\/www.fondationdegaspebeaubien.org\\\/en\\\/#website\"},\"primaryImageOfPage\":{\"@id\":\"https:\\\/\\\/www.fondationdegaspebeaubien.org\\\/fr\\\/famille-en-affaires-un-jour-famille-en-affaires-toujours\\\/#primaryimage\"},\"image\":{\"@id\":\"https:\\\/\\\/www.fondationdegaspebeaubien.org\\\/fr\\\/famille-en-affaires-un-jour-famille-en-affaires-toujours\\\/#primaryimage\"},\"thumbnailUrl\":\"https:\\\/\\\/www.fondationdegaspebeaubien.org\\\/wp-content\\\/uploads\\\/2022\\\/11\\\/Blogue-Nov-2022-scaled.jpg\",\"datePublished\":\"2022-11-24T12:10:27+00:00\",\"dateModified\":\"2023-10-11T15:24:29+00:00\",\"author\":{\"@id\":\"https:\\\/\\\/www.fondationdegaspebeaubien.org\\\/en\\\/#\\\/schema\\\/person\\\/e84c883213d8e6cb00f1775074c74263\"},\"description\":\"La premi\u00e8re cause soutenue par la famille de Gasp\u00e9 Beaubien n\u2019est pas oubli\u00e9e et garde une place sp\u00e9ciale\u00a0: les familles en affaires.\",\"breadcrumb\":{\"@id\":\"https:\\\/\\\/www.fondationdegaspebeaubien.org\\\/fr\\\/famille-en-affaires-un-jour-famille-en-affaires-toujours\\\/#breadcrumb\"},\"inLanguage\":\"fr-FR\",\"potentialAction\":[{\"@type\":\"ReadAction\",\"target\":[\"https:\\\/\\\/www.fondationdegaspebeaubien.org\\\/fr\\\/famille-en-affaires-un-jour-famille-en-affaires-toujours\\\/\"]}]},{\"@type\":\"ImageObject\",\"inLanguage\":\"fr-FR\",\"@id\":\"https:\\\/\\\/www.fondationdegaspebeaubien.org\\\/fr\\\/famille-en-affaires-un-jour-famille-en-affaires-toujours\\\/#primaryimage\",\"url\":\"https:\\\/\\\/www.fondationdegaspebeaubien.org\\\/wp-content\\\/uploads\\\/2022\\\/11\\\/Blogue-Nov-2022-scaled.jpg\",\"contentUrl\":\"https:\\\/\\\/www.fondationdegaspebeaubien.org\\\/wp-content\\\/uploads\\\/2022\\\/11\\\/Blogue-Nov-2022-scaled.jpg\",\"width\":2560,\"height\":1703},{\"@type\":\"BreadcrumbList\",\"@id\":\"https:\\\/\\\/www.fondationdegaspebeaubien.org\\\/fr\\\/famille-en-affaires-un-jour-famille-en-affaires-toujours\\\/#breadcrumb\",\"itemListElement\":[{\"@type\":\"ListItem\",\"position\":1,\"name\":\"Home\",\"item\":\"https:\\\/\\\/www.fondationdegaspebeaubien.org\\\/fr\\\/\"},{\"@type\":\"ListItem\",\"position\":2,\"name\":\"Famille en affaires un jour, famille en affaires toujours\"}]},{\"@type\":\"WebSite\",\"@id\":\"https:\\\/\\\/www.fondationdegaspebeaubien.org\\\/en\\\/#website\",\"url\":\"https:\\\/\\\/www.fondationdegaspebeaubien.org\\\/en\\\/\",\"name\":\"Fondation de Gasp\u00e9 Beaubien\",\"description\":\"Appuyer le changement au sein de la communaut\u00e9\",\"potentialAction\":[{\"@type\":\"SearchAction\",\"target\":{\"@type\":\"EntryPoint\",\"urlTemplate\":\"https:\\\/\\\/www.fondationdegaspebeaubien.org\\\/en\\\/?s={search_term_string}\"},\"query-input\":{\"@type\":\"PropertyValueSpecification\",\"valueRequired\":true,\"valueName\":\"search_term_string\"}}],\"inLanguage\":\"fr-FR\"},{\"@type\":\"Person\",\"@id\":\"https:\\\/\\\/www.fondationdegaspebeaubien.org\\\/en\\\/#\\\/schema\\\/person\\\/e84c883213d8e6cb00f1775074c74263\",\"name\":\"smartbugmedia\",\"image\":{\"@type\":\"ImageObject\",\"inLanguage\":\"fr-FR\",\"@id\":\"https:\\\/\\\/secure.gravatar.com\\\/avatar\\\/97b857c2b07334a0c01d0a4c9531e3bbfbced011ed68c984b0e56002a21bde47?s=96&d=mm&r=g\",\"url\":\"https:\\\/\\\/secure.gravatar.com\\\/avatar\\\/97b857c2b07334a0c01d0a4c9531e3bbfbced011ed68c984b0e56002a21bde47?s=96&d=mm&r=g\",\"contentUrl\":\"https:\\\/\\\/secure.gravatar.com\\\/avatar\\\/97b857c2b07334a0c01d0a4c9531e3bbfbced011ed68c984b0e56002a21bde47?s=96&d=mm&r=g\",\"caption\":\"smartbugmedia\"},\"url\":\"https:\\\/\\\/www.fondationdegaspebeaubien.org\\\/fr\\\/author\\\/cms\\\/\"}]}<\/script>\n<!-- \/ Yoast SEO plugin. -->","yoast_head_json":{"title":"Famille en affaires un jour, famille en affaires toujours - Fondation de Gasp\u00e9 Beaubien","description":"La premi\u00e8re cause soutenue par la famille de Gasp\u00e9 Beaubien n\u2019est pas oubli\u00e9e et garde une place sp\u00e9ciale\u00a0: les familles en affaires.","robots":{"index":"index","follow":"follow","max-snippet":"max-snippet:-1","max-image-preview":"max-image-preview:large","max-video-preview":"max-video-preview:-1"},"canonical":"https:\/\/www.fondationdegaspebeaubien.org\/fr\/famille-en-affaires-un-jour-famille-en-affaires-toujours\/","og_locale":"fr_FR","og_type":"article","og_title":"Famille en affaires un jour, famille en affaires toujours - Fondation de Gasp\u00e9 Beaubien","og_description":"La premi\u00e8re cause soutenue par la famille de Gasp\u00e9 Beaubien n\u2019est pas oubli\u00e9e et garde une place sp\u00e9ciale\u00a0: les familles en affaires.","og_url":"https:\/\/www.fondationdegaspebeaubien.org\/fr\/famille-en-affaires-un-jour-famille-en-affaires-toujours\/","og_site_name":"Fondation de Gasp\u00e9 Beaubien","article_published_time":"2022-11-24T12:10:27+00:00","article_modified_time":"2023-10-11T15:24:29+00:00","og_image":[{"width":2560,"height":1703,"url":"https:\/\/www.fondationdegaspebeaubien.org\/wp-content\/uploads\/2022\/11\/Blogue-Nov-2022-scaled.jpg","type":"image\/jpeg"}],"author":"smartbugmedia","twitter_card":"summary_large_image","twitter_misc":{"\u00c9crit par":"smartbugmedia","Dur\u00e9e de lecture estim\u00e9e":"3 minutes"},"schema":{"@context":"https:\/\/schema.org","@graph":[{"@type":"Article","@id":"https:\/\/www.fondationdegaspebeaubien.org\/fr\/famille-en-affaires-un-jour-famille-en-affaires-toujours\/#article","isPartOf":{"@id":"https:\/\/www.fondationdegaspebeaubien.org\/fr\/famille-en-affaires-un-jour-famille-en-affaires-toujours\/"},"author":{"name":"smartbugmedia","@id":"https:\/\/www.fondationdegaspebeaubien.org\/en\/#\/schema\/person\/e84c883213d8e6cb00f1775074c74263"},"headline":"Famille en affaires un jour, famille en affaires toujours","datePublished":"2022-11-24T12:10:27+00:00","dateModified":"2023-10-11T15:24:29+00:00","mainEntityOfPage":{"@id":"https:\/\/www.fondationdegaspebeaubien.org\/fr\/famille-en-affaires-un-jour-famille-en-affaires-toujours\/"},"wordCount":623,"commentCount":0,"image":{"@id":"https:\/\/www.fondationdegaspebeaubien.org\/fr\/famille-en-affaires-un-jour-famille-en-affaires-toujours\/#primaryimage"},"thumbnailUrl":"https:\/\/www.fondationdegaspebeaubien.org\/wp-content\/uploads\/2022\/11\/Blogue-Nov-2022-scaled.jpg","articleSection":["Actions communautaires","Familles en affaires - Archives"],"inLanguage":"fr-FR","potentialAction":[{"@type":"CommentAction","name":"Comment","target":["https:\/\/www.fondationdegaspebeaubien.org\/fr\/famille-en-affaires-un-jour-famille-en-affaires-toujours\/#respond"]}]},{"@type":"WebPage","@id":"https:\/\/www.fondationdegaspebeaubien.org\/fr\/famille-en-affaires-un-jour-famille-en-affaires-toujours\/","url":"https:\/\/www.fondationdegaspebeaubien.org\/fr\/famille-en-affaires-un-jour-famille-en-affaires-toujours\/","name":"Famille en affaires un jour, famille en affaires toujours - Fondation de Gasp\u00e9 Beaubien","isPartOf":{"@id":"https:\/\/www.fondationdegaspebeaubien.org\/en\/#website"},"primaryImageOfPage":{"@id":"https:\/\/www.fondationdegaspebeaubien.org\/fr\/famille-en-affaires-un-jour-famille-en-affaires-toujours\/#primaryimage"},"image":{"@id":"https:\/\/www.fondationdegaspebeaubien.org\/fr\/famille-en-affaires-un-jour-famille-en-affaires-toujours\/#primaryimage"},"thumbnailUrl":"https:\/\/www.fondationdegaspebeaubien.org\/wp-content\/uploads\/2022\/11\/Blogue-Nov-2022-scaled.jpg","datePublished":"2022-11-24T12:10:27+00:00","dateModified":"2023-10-11T15:24:29+00:00","author":{"@id":"https:\/\/www.fondationdegaspebeaubien.org\/en\/#\/schema\/person\/e84c883213d8e6cb00f1775074c74263"},"description":"La premi\u00e8re cause soutenue par la famille de Gasp\u00e9 Beaubien n\u2019est pas oubli\u00e9e et garde une place sp\u00e9ciale\u00a0: les familles en affaires.","breadcrumb":{"@id":"https:\/\/www.fondationdegaspebeaubien.org\/fr\/famille-en-affaires-un-jour-famille-en-affaires-toujours\/#breadcrumb"},"inLanguage":"fr-FR","potentialAction":[{"@type":"ReadAction","target":["https:\/\/www.fondationdegaspebeaubien.org\/fr\/famille-en-affaires-un-jour-famille-en-affaires-toujours\/"]}]},{"@type":"ImageObject","inLanguage":"fr-FR","@id":"https:\/\/www.fondationdegaspebeaubien.org\/fr\/famille-en-affaires-un-jour-famille-en-affaires-toujours\/#primaryimage","url":"https:\/\/www.fondationdegaspebeaubien.org\/wp-content\/uploads\/2022\/11\/Blogue-Nov-2022-scaled.jpg","contentUrl":"https:\/\/www.fondationdegaspebeaubien.org\/wp-content\/uploads\/2022\/11\/Blogue-Nov-2022-scaled.jpg","width":2560,"height":1703},{"@type":"BreadcrumbList","@id":"https:\/\/www.fondationdegaspebeaubien.org\/fr\/famille-en-affaires-un-jour-famille-en-affaires-toujours\/#breadcrumb","itemListElement":[{"@type":"ListItem","position":1,"name":"Home","item":"https:\/\/www.fondationdegaspebeaubien.org\/fr\/"},{"@type":"ListItem","position":2,"name":"Famille en affaires un jour, famille en affaires toujours"}]},{"@type":"WebSite","@id":"https:\/\/www.fondationdegaspebeaubien.org\/en\/#website","url":"https:\/\/www.fondationdegaspebeaubien.org\/en\/","name":"Fondation de Gasp\u00e9 Beaubien","description":"Appuyer le changement au sein de la communaut\u00e9","potentialAction":[{"@type":"SearchAction","target":{"@type":"EntryPoint","urlTemplate":"https:\/\/www.fondationdegaspebeaubien.org\/en\/?s={search_term_string}"},"query-input":{"@type":"PropertyValueSpecification","valueRequired":true,"valueName":"search_term_string"}}],"inLanguage":"fr-FR"},{"@type":"Person","@id":"https:\/\/www.fondationdegaspebeaubien.org\/en\/#\/schema\/person\/e84c883213d8e6cb00f1775074c74263","name":"smartbugmedia","image":{"@type":"ImageObject","inLanguage":"fr-FR","@id":"https:\/\/secure.gravatar.com\/avatar\/97b857c2b07334a0c01d0a4c9531e3bbfbced011ed68c984b0e56002a21bde47?s=96&d=mm&r=g","url":"https:\/\/secure.gravatar.com\/avatar\/97b857c2b07334a0c01d0a4c9531e3bbfbced011ed68c984b0e56002a21bde47?s=96&d=mm&r=g","contentUrl":"https:\/\/secure.gravatar.com\/avatar\/97b857c2b07334a0c01d0a4c9531e3bbfbced011ed68c984b0e56002a21bde47?s=96&d=mm&r=g","caption":"smartbugmedia"},"url":"https:\/\/www.fondationdegaspebeaubien.org\/fr\/author\/cms\/"}]}},"_links":{"self":[{"href":"https:\/\/www.fondationdegaspebeaubien.org\/fr\/wp-json\/wp\/v2\/posts\/2045","targetHints":{"allow":["GET"]}}],"collection":[{"href":"https:\/\/www.fondationdegaspebeaubien.org\/fr\/wp-json\/wp\/v2\/posts"}],"about":[{"href":"https:\/\/www.fondationdegaspebeaubien.org\/fr\/wp-json\/wp\/v2\/types\/post"}],"author":[{"embeddable":true,"href":"https:\/\/www.fondationdegaspebeaubien.org\/fr\/wp-json\/wp\/v2\/users\/1"}],"replies":[{"embeddable":true,"href":"https:\/\/www.fondationdegaspebeaubien.org\/fr\/wp-json\/wp\/v2\/comments?post=2045"}],"version-history":[{"count":4,"href":"https:\/\/www.fondationdegaspebeaubien.org\/fr\/wp-json\/wp\/v2\/posts\/2045\/revisions"}],"predecessor-version":[{"id":2208,"href":"https:\/\/www.fondationdegaspebeaubien.org\/fr\/wp-json\/wp\/v2\/posts\/2045\/revisions\/2208"}],"wp:featuredmedia":[{"embeddable":true,"href":"https:\/\/www.fondationdegaspebeaubien.org\/fr\/wp-json\/wp\/v2\/media\/2051"}],"wp:attachment":[{"href":"https:\/\/www.fondationdegaspebeaubien.org\/fr\/wp-json\/wp\/v2\/media?parent=2045"}],"wp:term":[{"taxonomy":"category","embeddable":true,"href":"https:\/\/www.fondationdegaspebeaubien.org\/fr\/wp-json\/wp\/v2\/categories?post=2045"},{"taxonomy":"post_tag","embeddable":true,"href":"https:\/\/www.fondationdegaspebeaubien.org\/fr\/wp-json\/wp\/v2\/tags?post=2045"}],"curies":[{"name":"wp","href":"https:\/\/api.w.org\/{rel}","templated":true}]}}