{"id":2054,"date":"2022-12-14T09:32:07","date_gmt":"2022-12-14T14:32:07","guid":{"rendered":"https:\/\/www.fondationdegaspebeaubien.org\/?p=2054"},"modified":"2022-12-14T09:31:42","modified_gmt":"2022-12-14T14:31:42","slug":"cop15-leau-doit-etre-a-lagenda","status":"publish","type":"post","link":"https:\/\/www.fondationdegaspebeaubien.org\/fr\/cop15-leau-doit-etre-a-lagenda\/","title":{"rendered":"COP15 : L\u2019eau doit \u00eatre \u00e0 l\u2019agenda!"},"content":{"rendered":"<p><span style=\"font-weight: 400;\">La 15e Conf\u00e9rence des Parties (COP15) des Nations Unies se tient \u00e0 Montr\u00e9al du 7 au 15 d\u00e9cembre 2022. Cette rencontre internationale rassemblant des pays du monde entier sera ax\u00e9e sur la protection de la nature et les moyens de mettre un terme \u00e0 la perte de biodiversit\u00e9 partout dans le monde. Il s\u2019agit-l\u00e0 d\u2019une mission noble et essentielle, mais, pour y arriver, un sujet d\u2019importance majeure manque \u00e0 l\u2019agenda de l\u2019\u00e9v\u00e9nement : l\u2019eau.<\/span><\/p>\n<p><span style=\"font-weight: 400;\">Dominique Monchamp, directrice g\u00e9n\u00e9rale de la Fondation de Gasp\u00e9 Beaubien et membre des comit\u00e9s directeur des Coalitions qu\u00e9b\u00e9coise et canadienne pour des eaux saines, explique : \u00ab Sans une eau de qualit\u00e9 et en quantit\u00e9 suffisante, il n\u2019y a aucune chance de survie pour la biodiversit\u00e9. C\u2019est une ressource vitale pour toutes les esp\u00e8ces.\u00a0\u00bb\u00a0<\/span><\/p>\n<p><span style=\"font-weight: 400;\">La Fondation de Gasp\u00e9 Beaubien et tous les membres de la <\/span><a href=\"https:\/\/www.fondationdegaspebeaubien.org\/fr\/defendre-sante-eau-douce-avec-coalition-canadienne-pour-des-eaux-saines\/\"><span style=\"font-weight: 400;\">Coalition Canadienne pour des eaux saines<\/span><\/a><span style=\"font-weight: 400;\"> ainsi que de la Coalition du Qu\u00e9bec lancent donc un appel aux gouvernements participant \u00e0 la Conf\u00e9rence. Voici la version fran\u00e7aise de leur lettre ouverte.<\/span><\/p>\n<hr \/>\n<h2 style=\"text-align: center;\"><a href=\"https:\/\/www.ledevoir.com\/opinion\/idees\/773770\/cop15-l-eau-doit-faire-partie-des-discussions\">L\u2019eau doit faire partie des discussions<\/a><\/h2>\n<p><em>\u00ab L\u2019eau est une question de vie ou de mort \u00bb \u2014 Ant\u00f3nio Guterres, secr\u00e9taire g\u00e9n\u00e9ral de l\u2019Organisation des Nations unies<\/em><\/p>\n<p>\u00c0 l\u2019occasion de la COP15, o\u00f9 des repr\u00e9sentants des pays du monde entier se r\u00e9unissent \u00e0 Montr\u00e9al pour discuter de la biodiversit\u00e9 \u2014 qui se d\u00e9t\u00e9riore et dont le d\u00e9clin ne fera que cro\u00eetre si le statu quo est maintenu \u2014, le Canada, pays h\u00f4te, aura une occasion unique et privil\u00e9gi\u00e9e de faire preuve, devant la communaut\u00e9 internationale, d\u2019ambition et de d\u00e9termination dans la d\u00e9fense, la protection et la pr\u00e9servation de la nature.<\/p>\n<p>Le Canada devrait donc proposer des solutions novatrices, et nous sommes convaincus que l\u2019une d\u2019entre elles doit porter sur l\u2019eau et sur la biodiversit\u00e9 qui en d\u00e9pend. Trop souvent, l\u2019eau est mise en second plan dans nos r\u00e9flexions sur les moyens d\u2019att\u00e9nuer ou de combattre la crise climatique, et ce, du fait que le Canada dispose d\u2019une quantit\u00e9 importante de cette ressource gr\u00e2ce \u00e0 ses lacs, \u00e0 ses rivi\u00e8res, \u00e0 ses terres humides et \u00e0 ses aquif\u00e8res.<\/p>\n<p>Le pays poss\u00e8de environ 20 % des r\u00e9serves mondiales d\u2019eau douce et 7 % de l\u2019eau douce renouvelable du monde, pour une population repr\u00e9sentant environ 0,05 % de la population mondiale. L\u2019abondance de nos ressources en eau ne nous permet pas de voir clairement les r\u00e9percussions n\u00e9gatives qui ne cessent de se multiplier \u00e0 son endroit.<\/p>\n<p>Nous avons le privil\u00e8ge de disposer d\u2019eau en quantit\u00e9, une ressource si pr\u00e9cieuse et essentielle \u00e0 la vie. Cet immense privil\u00e8ge, nous nous devons, vis-\u00e0-vis de la communaut\u00e9 internationale, de le g\u00e9rer et de le prot\u00e9ger de mani\u00e8re ad\u00e9quate. Or, nous croyons, et nous constatons, que les actions du gouvernement sont insuffisantes \u00e0 cet \u00e9gard.<\/p>\n<h3>Vuln\u00e9rabilit\u00e9 \u00e9cosyst\u00e9mique<\/h3>\n<p>En ce sens, au Qu\u00e9bec seulement, le Saint-Laurent et nos rivi\u00e8res sont en \u00e9tat de vuln\u00e9rabilit\u00e9 \u00e9cosyst\u00e9mique. Dans les basses terres du Saint-Laurent, la naturalit\u00e9 globale de nos rivi\u00e8res est faible, ce qui les prive de leurs fonctions \u00e9cologiques.<\/p>\n<p>De plus, la majorit\u00e9 des esp\u00e8ces dont l\u2019indicateur de statut est \u00e9troitement li\u00e9 \u00e0 l\u2019eau sont en situation de pr\u00e9carit\u00e9. Cela, sans compter l\u2019\u00e9tat de nos infrastructures hydrauliques, qui ne cessent de se d\u00e9t\u00e9riorer, nous faisant perdre des quantit\u00e9s importantes d\u2019eau, la pollution de l\u2019eau de nos rivi\u00e8res et de nos aquif\u00e8res, qui est \u00e0 la hausse, l\u2019\u00e9tat des ressources en eau des autres provinces et encore bien d\u2019autres facteurs inqui\u00e9tants.<\/p>\n<p>Les indicateurs sont clairs, nous sommes confront\u00e9s \u00e0 une crise de l\u2019eau, qui affecte directement la biodiversit\u00e9, partout au Canada.<\/p>\n<p>Des solutions concr\u00e8tes et des mesures ambitieuses pour am\u00e9liorer la situation existent d\u00e9j\u00e0 et des groupes comme le n\u00f4tre les ont d\u00e9j\u00e0 largement expos\u00e9es. Mais pour mettre en oeuvre ces solutions et ces mesures, le gouvernement du Canada doit investir davantage pour mieux prot\u00e9ger le Saint-Laurent, nos fleuves, nos rivi\u00e8res, nos lacs, nos milieux humides et nos aquif\u00e8res, la qualit\u00e9 de leur eau et la sant\u00e9 des r\u00e9sidents contre les effets n\u00e9fastes des changements climatiques et des substances toxiques. Il faut aussi en faire plus pour les esp\u00e8ces qui y vivent et qui en d\u00e9pendent.<\/p>\n<h3>Des partenaires<\/h3>\n<p>Les gouvernements ne doivent pas mener cette bataille seuls. Cette bataille est aussi celle de la soci\u00e9t\u00e9 dans son ensemble. Nous voulons \u00eatre des partenaires pour nos gouvernements afin de les faire profiter de notre expertise. L\u2019eau est le sujet que nous connaissons le mieux. Nous voulons d\u00e9fendre et prot\u00e9ger cette ressource et, pour ce faire, utiliser nos savoirs et nos connaissances, qui ne font que cro\u00eetre. La capacit\u00e9 d\u2019innover est grande au Qu\u00e9bec, tout comme la culture du partage de solutions durables dont nous devons pouvoir tirer profit.<\/p>\n<h4><em>Nous avons le privil\u00e8ge de disposer d\u2019eau en quantit\u00e9, une ressource si pr\u00e9cieuse et essentielle \u00e0 la vie.<\/em><\/h4>\n<p>Le Canada doit \u00eatre \u2014 et se permettre d\u2019\u00eatre \u2014 plus ambitieux sur le plan de l\u2019eau, car notre avenir en d\u00e9pend. Le gouvernement du Canada doit donc profiter de la COP15 pour faire preuve d\u2019ambition et montrer au reste du monde qu\u2019il est d\u00e9termin\u00e9 \u00e0 s\u2019attaquer \u00e0 cette crise de mani\u00e8re \u00e0 r\u00e9aliser les objectifs de la Convention sur la diversit\u00e9 biologique.<\/p>\n<blockquote>\n<hr \/>\n<p>&nbsp;<\/p>\n<\/blockquote>\n","protected":false},"excerpt":{"rendered":"<p>La 15e Conf\u00e9rence des Parties (COP15) des Nations Unies se tient \u00e0 Montr\u00e9al du 7 au 15 d\u00e9cembre 2022. Cette rencontre internationale rassemblant des pays du monde entier sera ax\u00e9e sur la protection de la nature et les moyens de mettre un terme \u00e0 la perte de biodiversit\u00e9 partout dans le monde. Il s\u2019agit-l\u00e0 d\u2019une [&hellip;]<\/p>\n","protected":false},"author":1,"featured_media":2069,"comment_status":"open","ping_status":"open","sticky":false,"template":"","format":"standard","meta":{"_acf_changed":false,"footnotes":""},"categories":[112],"tags":[],"class_list":["post-2054","post","type-post","status-publish","format-standard","has-post-thumbnail","hentry","category-aquaaction"],"acf":[],"yoast_head":"<!-- This site is optimized with the Yoast SEO plugin v27.3 - https:\/\/yoast.com\/product\/yoast-seo-wordpress\/ -->\n<title>COP15 : L\u2019eau doit \u00eatre \u00e0 l\u2019agenda! - Fondation de Gasp\u00e9 Beaubien<\/title>\n<meta name=\"description\" content=\"La 15e Conf\u00e9rence des Parties (COP15) des Nations Unies se tenait \u00e0 Montr\u00e9al. Un sujet d&#039;importance majeure n&#039;a toutefois pas \u00e9t\u00e9 discut\u00e9.\" \/>\n<meta name=\"robots\" content=\"index, follow, max-snippet:-1, max-image-preview:large, max-video-preview:-1\" \/>\n<link rel=\"canonical\" href=\"https:\/\/www.fondationdegaspebeaubien.org\/fr\/cop15-leau-doit-etre-a-lagenda\/\" \/>\n<meta property=\"og:locale\" content=\"fr_FR\" \/>\n<meta property=\"og:type\" content=\"article\" \/>\n<meta property=\"og:title\" content=\"COP15 : L\u2019eau doit \u00eatre \u00e0 l\u2019agenda! - Fondation de Gasp\u00e9 Beaubien\" \/>\n<meta property=\"og:description\" content=\"La 15e Conf\u00e9rence des Parties (COP15) des Nations Unies se tenait \u00e0 Montr\u00e9al. Un sujet d&#039;importance majeure n&#039;a toutefois pas \u00e9t\u00e9 discut\u00e9.\" \/>\n<meta property=\"og:url\" content=\"https:\/\/www.fondationdegaspebeaubien.org\/fr\/cop15-leau-doit-etre-a-lagenda\/\" \/>\n<meta property=\"og:site_name\" content=\"Fondation de Gasp\u00e9 Beaubien\" \/>\n<meta property=\"article:published_time\" content=\"2022-12-14T14:32:07+00:00\" \/>\n<meta property=\"og:image\" content=\"https:\/\/www.fondationdegaspebeaubien.org\/wp-content\/uploads\/2022\/12\/butterfly-cop15-2022.jpg\" \/>\n\t<meta property=\"og:image:width\" content=\"1920\" \/>\n\t<meta property=\"og:image:height\" content=\"1280\" \/>\n\t<meta property=\"og:image:type\" content=\"image\/jpeg\" \/>\n<meta name=\"author\" content=\"smartbugmedia\" \/>\n<meta name=\"twitter:card\" content=\"summary_large_image\" \/>\n<meta name=\"twitter:label1\" content=\"\u00c9crit par\" \/>\n\t<meta name=\"twitter:data1\" content=\"smartbugmedia\" \/>\n\t<meta name=\"twitter:label2\" content=\"Dur\u00e9e de lecture estim\u00e9e\" \/>\n\t<meta name=\"twitter:data2\" content=\"5 minutes\" \/>\n<script type=\"application\/ld+json\" class=\"yoast-schema-graph\">{\"@context\":\"https:\\\/\\\/schema.org\",\"@graph\":[{\"@type\":\"Article\",\"@id\":\"https:\\\/\\\/www.fondationdegaspebeaubien.org\\\/fr\\\/cop15-leau-doit-etre-a-lagenda\\\/#article\",\"isPartOf\":{\"@id\":\"https:\\\/\\\/www.fondationdegaspebeaubien.org\\\/fr\\\/cop15-leau-doit-etre-a-lagenda\\\/\"},\"author\":{\"name\":\"smartbugmedia\",\"@id\":\"https:\\\/\\\/www.fondationdegaspebeaubien.org\\\/en\\\/#\\\/schema\\\/person\\\/e84c883213d8e6cb00f1775074c74263\"},\"headline\":\"COP15 : L\u2019eau doit \u00eatre \u00e0 l\u2019agenda!\",\"datePublished\":\"2022-12-14T14:32:07+00:00\",\"mainEntityOfPage\":{\"@id\":\"https:\\\/\\\/www.fondationdegaspebeaubien.org\\\/fr\\\/cop15-leau-doit-etre-a-lagenda\\\/\"},\"wordCount\":955,\"commentCount\":1,\"image\":{\"@id\":\"https:\\\/\\\/www.fondationdegaspebeaubien.org\\\/fr\\\/cop15-leau-doit-etre-a-lagenda\\\/#primaryimage\"},\"thumbnailUrl\":\"https:\\\/\\\/www.fondationdegaspebeaubien.org\\\/wp-content\\\/uploads\\\/2022\\\/12\\\/butterfly-cop15-2022.jpg\",\"articleSection\":[\"AquaAction\"],\"inLanguage\":\"fr-FR\",\"potentialAction\":[{\"@type\":\"CommentAction\",\"name\":\"Comment\",\"target\":[\"https:\\\/\\\/www.fondationdegaspebeaubien.org\\\/fr\\\/cop15-leau-doit-etre-a-lagenda\\\/#respond\"]}]},{\"@type\":\"WebPage\",\"@id\":\"https:\\\/\\\/www.fondationdegaspebeaubien.org\\\/fr\\\/cop15-leau-doit-etre-a-lagenda\\\/\",\"url\":\"https:\\\/\\\/www.fondationdegaspebeaubien.org\\\/fr\\\/cop15-leau-doit-etre-a-lagenda\\\/\",\"name\":\"COP15 : L\u2019eau doit \u00eatre \u00e0 l\u2019agenda! - Fondation de Gasp\u00e9 Beaubien\",\"isPartOf\":{\"@id\":\"https:\\\/\\\/www.fondationdegaspebeaubien.org\\\/en\\\/#website\"},\"primaryImageOfPage\":{\"@id\":\"https:\\\/\\\/www.fondationdegaspebeaubien.org\\\/fr\\\/cop15-leau-doit-etre-a-lagenda\\\/#primaryimage\"},\"image\":{\"@id\":\"https:\\\/\\\/www.fondationdegaspebeaubien.org\\\/fr\\\/cop15-leau-doit-etre-a-lagenda\\\/#primaryimage\"},\"thumbnailUrl\":\"https:\\\/\\\/www.fondationdegaspebeaubien.org\\\/wp-content\\\/uploads\\\/2022\\\/12\\\/butterfly-cop15-2022.jpg\",\"datePublished\":\"2022-12-14T14:32:07+00:00\",\"author\":{\"@id\":\"https:\\\/\\\/www.fondationdegaspebeaubien.org\\\/en\\\/#\\\/schema\\\/person\\\/e84c883213d8e6cb00f1775074c74263\"},\"description\":\"La 15e Conf\u00e9rence des Parties (COP15) des Nations Unies se tenait \u00e0 Montr\u00e9al. Un sujet d'importance majeure n'a toutefois pas \u00e9t\u00e9 discut\u00e9.\",\"breadcrumb\":{\"@id\":\"https:\\\/\\\/www.fondationdegaspebeaubien.org\\\/fr\\\/cop15-leau-doit-etre-a-lagenda\\\/#breadcrumb\"},\"inLanguage\":\"fr-FR\",\"potentialAction\":[{\"@type\":\"ReadAction\",\"target\":[\"https:\\\/\\\/www.fondationdegaspebeaubien.org\\\/fr\\\/cop15-leau-doit-etre-a-lagenda\\\/\"]}]},{\"@type\":\"ImageObject\",\"inLanguage\":\"fr-FR\",\"@id\":\"https:\\\/\\\/www.fondationdegaspebeaubien.org\\\/fr\\\/cop15-leau-doit-etre-a-lagenda\\\/#primaryimage\",\"url\":\"https:\\\/\\\/www.fondationdegaspebeaubien.org\\\/wp-content\\\/uploads\\\/2022\\\/12\\\/butterfly-cop15-2022.jpg\",\"contentUrl\":\"https:\\\/\\\/www.fondationdegaspebeaubien.org\\\/wp-content\\\/uploads\\\/2022\\\/12\\\/butterfly-cop15-2022.jpg\",\"width\":1920,\"height\":1280},{\"@type\":\"BreadcrumbList\",\"@id\":\"https:\\\/\\\/www.fondationdegaspebeaubien.org\\\/fr\\\/cop15-leau-doit-etre-a-lagenda\\\/#breadcrumb\",\"itemListElement\":[{\"@type\":\"ListItem\",\"position\":1,\"name\":\"Home\",\"item\":\"https:\\\/\\\/www.fondationdegaspebeaubien.org\\\/fr\\\/\"},{\"@type\":\"ListItem\",\"position\":2,\"name\":\"COP15 : L\u2019eau doit \u00eatre \u00e0 l\u2019agenda!\"}]},{\"@type\":\"WebSite\",\"@id\":\"https:\\\/\\\/www.fondationdegaspebeaubien.org\\\/en\\\/#website\",\"url\":\"https:\\\/\\\/www.fondationdegaspebeaubien.org\\\/en\\\/\",\"name\":\"Fondation de Gasp\u00e9 Beaubien\",\"description\":\"Appuyer le changement au sein de la communaut\u00e9\",\"potentialAction\":[{\"@type\":\"SearchAction\",\"target\":{\"@type\":\"EntryPoint\",\"urlTemplate\":\"https:\\\/\\\/www.fondationdegaspebeaubien.org\\\/en\\\/?s={search_term_string}\"},\"query-input\":{\"@type\":\"PropertyValueSpecification\",\"valueRequired\":true,\"valueName\":\"search_term_string\"}}],\"inLanguage\":\"fr-FR\"},{\"@type\":\"Person\",\"@id\":\"https:\\\/\\\/www.fondationdegaspebeaubien.org\\\/en\\\/#\\\/schema\\\/person\\\/e84c883213d8e6cb00f1775074c74263\",\"name\":\"smartbugmedia\",\"image\":{\"@type\":\"ImageObject\",\"inLanguage\":\"fr-FR\",\"@id\":\"https:\\\/\\\/secure.gravatar.com\\\/avatar\\\/97b857c2b07334a0c01d0a4c9531e3bbfbced011ed68c984b0e56002a21bde47?s=96&d=mm&r=g\",\"url\":\"https:\\\/\\\/secure.gravatar.com\\\/avatar\\\/97b857c2b07334a0c01d0a4c9531e3bbfbced011ed68c984b0e56002a21bde47?s=96&d=mm&r=g\",\"contentUrl\":\"https:\\\/\\\/secure.gravatar.com\\\/avatar\\\/97b857c2b07334a0c01d0a4c9531e3bbfbced011ed68c984b0e56002a21bde47?s=96&d=mm&r=g\",\"caption\":\"smartbugmedia\"},\"url\":\"https:\\\/\\\/www.fondationdegaspebeaubien.org\\\/fr\\\/author\\\/cms\\\/\"}]}<\/script>\n<!-- \/ Yoast SEO plugin. -->","yoast_head_json":{"title":"COP15 : L\u2019eau doit \u00eatre \u00e0 l\u2019agenda! - Fondation de Gasp\u00e9 Beaubien","description":"La 15e Conf\u00e9rence des Parties (COP15) des Nations Unies se tenait \u00e0 Montr\u00e9al. Un sujet d'importance majeure n'a toutefois pas \u00e9t\u00e9 discut\u00e9.","robots":{"index":"index","follow":"follow","max-snippet":"max-snippet:-1","max-image-preview":"max-image-preview:large","max-video-preview":"max-video-preview:-1"},"canonical":"https:\/\/www.fondationdegaspebeaubien.org\/fr\/cop15-leau-doit-etre-a-lagenda\/","og_locale":"fr_FR","og_type":"article","og_title":"COP15 : L\u2019eau doit \u00eatre \u00e0 l\u2019agenda! - Fondation de Gasp\u00e9 Beaubien","og_description":"La 15e Conf\u00e9rence des Parties (COP15) des Nations Unies se tenait \u00e0 Montr\u00e9al. Un sujet d'importance majeure n'a toutefois pas \u00e9t\u00e9 discut\u00e9.","og_url":"https:\/\/www.fondationdegaspebeaubien.org\/fr\/cop15-leau-doit-etre-a-lagenda\/","og_site_name":"Fondation de Gasp\u00e9 Beaubien","article_published_time":"2022-12-14T14:32:07+00:00","og_image":[{"width":1920,"height":1280,"url":"https:\/\/www.fondationdegaspebeaubien.org\/wp-content\/uploads\/2022\/12\/butterfly-cop15-2022.jpg","type":"image\/jpeg"}],"author":"smartbugmedia","twitter_card":"summary_large_image","twitter_misc":{"\u00c9crit par":"smartbugmedia","Dur\u00e9e de lecture estim\u00e9e":"5 minutes"},"schema":{"@context":"https:\/\/schema.org","@graph":[{"@type":"Article","@id":"https:\/\/www.fondationdegaspebeaubien.org\/fr\/cop15-leau-doit-etre-a-lagenda\/#article","isPartOf":{"@id":"https:\/\/www.fondationdegaspebeaubien.org\/fr\/cop15-leau-doit-etre-a-lagenda\/"},"author":{"name":"smartbugmedia","@id":"https:\/\/www.fondationdegaspebeaubien.org\/en\/#\/schema\/person\/e84c883213d8e6cb00f1775074c74263"},"headline":"COP15 : L\u2019eau doit \u00eatre \u00e0 l\u2019agenda!","datePublished":"2022-12-14T14:32:07+00:00","mainEntityOfPage":{"@id":"https:\/\/www.fondationdegaspebeaubien.org\/fr\/cop15-leau-doit-etre-a-lagenda\/"},"wordCount":955,"commentCount":1,"image":{"@id":"https:\/\/www.fondationdegaspebeaubien.org\/fr\/cop15-leau-doit-etre-a-lagenda\/#primaryimage"},"thumbnailUrl":"https:\/\/www.fondationdegaspebeaubien.org\/wp-content\/uploads\/2022\/12\/butterfly-cop15-2022.jpg","articleSection":["AquaAction"],"inLanguage":"fr-FR","potentialAction":[{"@type":"CommentAction","name":"Comment","target":["https:\/\/www.fondationdegaspebeaubien.org\/fr\/cop15-leau-doit-etre-a-lagenda\/#respond"]}]},{"@type":"WebPage","@id":"https:\/\/www.fondationdegaspebeaubien.org\/fr\/cop15-leau-doit-etre-a-lagenda\/","url":"https:\/\/www.fondationdegaspebeaubien.org\/fr\/cop15-leau-doit-etre-a-lagenda\/","name":"COP15 : L\u2019eau doit \u00eatre \u00e0 l\u2019agenda! - Fondation de Gasp\u00e9 Beaubien","isPartOf":{"@id":"https:\/\/www.fondationdegaspebeaubien.org\/en\/#website"},"primaryImageOfPage":{"@id":"https:\/\/www.fondationdegaspebeaubien.org\/fr\/cop15-leau-doit-etre-a-lagenda\/#primaryimage"},"image":{"@id":"https:\/\/www.fondationdegaspebeaubien.org\/fr\/cop15-leau-doit-etre-a-lagenda\/#primaryimage"},"thumbnailUrl":"https:\/\/www.fondationdegaspebeaubien.org\/wp-content\/uploads\/2022\/12\/butterfly-cop15-2022.jpg","datePublished":"2022-12-14T14:32:07+00:00","author":{"@id":"https:\/\/www.fondationdegaspebeaubien.org\/en\/#\/schema\/person\/e84c883213d8e6cb00f1775074c74263"},"description":"La 15e Conf\u00e9rence des Parties (COP15) des Nations Unies se tenait \u00e0 Montr\u00e9al. Un sujet d'importance majeure n'a toutefois pas \u00e9t\u00e9 discut\u00e9.","breadcrumb":{"@id":"https:\/\/www.fondationdegaspebeaubien.org\/fr\/cop15-leau-doit-etre-a-lagenda\/#breadcrumb"},"inLanguage":"fr-FR","potentialAction":[{"@type":"ReadAction","target":["https:\/\/www.fondationdegaspebeaubien.org\/fr\/cop15-leau-doit-etre-a-lagenda\/"]}]},{"@type":"ImageObject","inLanguage":"fr-FR","@id":"https:\/\/www.fondationdegaspebeaubien.org\/fr\/cop15-leau-doit-etre-a-lagenda\/#primaryimage","url":"https:\/\/www.fondationdegaspebeaubien.org\/wp-content\/uploads\/2022\/12\/butterfly-cop15-2022.jpg","contentUrl":"https:\/\/www.fondationdegaspebeaubien.org\/wp-content\/uploads\/2022\/12\/butterfly-cop15-2022.jpg","width":1920,"height":1280},{"@type":"BreadcrumbList","@id":"https:\/\/www.fondationdegaspebeaubien.org\/fr\/cop15-leau-doit-etre-a-lagenda\/#breadcrumb","itemListElement":[{"@type":"ListItem","position":1,"name":"Home","item":"https:\/\/www.fondationdegaspebeaubien.org\/fr\/"},{"@type":"ListItem","position":2,"name":"COP15 : L\u2019eau doit \u00eatre \u00e0 l\u2019agenda!"}]},{"@type":"WebSite","@id":"https:\/\/www.fondationdegaspebeaubien.org\/en\/#website","url":"https:\/\/www.fondationdegaspebeaubien.org\/en\/","name":"Fondation de Gasp\u00e9 Beaubien","description":"Appuyer le changement au sein de la communaut\u00e9","potentialAction":[{"@type":"SearchAction","target":{"@type":"EntryPoint","urlTemplate":"https:\/\/www.fondationdegaspebeaubien.org\/en\/?s={search_term_string}"},"query-input":{"@type":"PropertyValueSpecification","valueRequired":true,"valueName":"search_term_string"}}],"inLanguage":"fr-FR"},{"@type":"Person","@id":"https:\/\/www.fondationdegaspebeaubien.org\/en\/#\/schema\/person\/e84c883213d8e6cb00f1775074c74263","name":"smartbugmedia","image":{"@type":"ImageObject","inLanguage":"fr-FR","@id":"https:\/\/secure.gravatar.com\/avatar\/97b857c2b07334a0c01d0a4c9531e3bbfbced011ed68c984b0e56002a21bde47?s=96&d=mm&r=g","url":"https:\/\/secure.gravatar.com\/avatar\/97b857c2b07334a0c01d0a4c9531e3bbfbced011ed68c984b0e56002a21bde47?s=96&d=mm&r=g","contentUrl":"https:\/\/secure.gravatar.com\/avatar\/97b857c2b07334a0c01d0a4c9531e3bbfbced011ed68c984b0e56002a21bde47?s=96&d=mm&r=g","caption":"smartbugmedia"},"url":"https:\/\/www.fondationdegaspebeaubien.org\/fr\/author\/cms\/"}]}},"_links":{"self":[{"href":"https:\/\/www.fondationdegaspebeaubien.org\/fr\/wp-json\/wp\/v2\/posts\/2054","targetHints":{"allow":["GET"]}}],"collection":[{"href":"https:\/\/www.fondationdegaspebeaubien.org\/fr\/wp-json\/wp\/v2\/posts"}],"about":[{"href":"https:\/\/www.fondationdegaspebeaubien.org\/fr\/wp-json\/wp\/v2\/types\/post"}],"author":[{"embeddable":true,"href":"https:\/\/www.fondationdegaspebeaubien.org\/fr\/wp-json\/wp\/v2\/users\/1"}],"replies":[{"embeddable":true,"href":"https:\/\/www.fondationdegaspebeaubien.org\/fr\/wp-json\/wp\/v2\/comments?post=2054"}],"version-history":[{"count":11,"href":"https:\/\/www.fondationdegaspebeaubien.org\/fr\/wp-json\/wp\/v2\/posts\/2054\/revisions"}],"predecessor-version":[{"id":2071,"href":"https:\/\/www.fondationdegaspebeaubien.org\/fr\/wp-json\/wp\/v2\/posts\/2054\/revisions\/2071"}],"wp:featuredmedia":[{"embeddable":true,"href":"https:\/\/www.fondationdegaspebeaubien.org\/fr\/wp-json\/wp\/v2\/media\/2069"}],"wp:attachment":[{"href":"https:\/\/www.fondationdegaspebeaubien.org\/fr\/wp-json\/wp\/v2\/media?parent=2054"}],"wp:term":[{"taxonomy":"category","embeddable":true,"href":"https:\/\/www.fondationdegaspebeaubien.org\/fr\/wp-json\/wp\/v2\/categories?post=2054"},{"taxonomy":"post_tag","embeddable":true,"href":"https:\/\/www.fondationdegaspebeaubien.org\/fr\/wp-json\/wp\/v2\/tags?post=2054"}],"curies":[{"name":"wp","href":"https:\/\/api.w.org\/{rel}","templated":true}]}}