{"id":2104,"date":"2023-05-25T09:35:46","date_gmt":"2023-05-25T13:35:46","guid":{"rendered":"https:\/\/www.fondationdegaspebeaubien.org\/?p=2104"},"modified":"2023-10-11T11:32:24","modified_gmt":"2023-10-11T15:32:24","slug":"1-an-pour-aquaentrepreneur-quebec","status":"publish","type":"post","link":"https:\/\/www.fondationdegaspebeaubien.org\/fr\/1-an-pour-aquaentrepreneur-quebec\/","title":{"rendered":"1 an pour AquaEntrepreneur Qu\u00e9bec!"},"content":{"rendered":"<p><span style=\"font-weight: 400;\">Le 3 mai dernier, AquaAction et la Fondation de Gasp\u00e9 Beaubien c\u00e9l\u00e8braient le premier anniversaire d\u2019AquaEntrepreneur Qu\u00e9bec! Cette premi\u00e8re ann\u00e9e est une fiert\u00e9 pour tous. Notre <a href=\"https:\/\/www.fondationdegaspebeaubien.org\/fr\/notre-motivation-et-notre-expertise-dans-la-preservation-de-leau\/\">motivation pour la protection de l&rsquo;eau<\/a> est plus forte que jamais et nous pousse \u00e0 poursuivre le travail pour la <\/span><a href=\"https:\/\/www.fondationdegaspebeaubien.org\/fr\/preservation-eau-enjeu-majeur\/\"><span style=\"font-weight: 400;\">pr\u00e9servation<\/span><\/a><span style=\"font-weight: 400;\"> et la <\/span><a href=\"https:\/\/www.fondationdegaspebeaubien.org\/fr\/investir-dans-eau-est-payant\/\"><span style=\"font-weight: 400;\">saine gestion<\/span><\/a><span style=\"font-weight: 400;\"> de l\u2019eau douce.<\/span><\/p>\n<p><span style=\"font-weight: 400;\">Soula Chronopoulos, pr\u00e9sidente d\u2019<\/span><a href=\"https:\/\/aquaaction.org\/fr\/\"><span style=\"font-weight: 400;\">AquaAction<\/span><\/a><span style=\"font-weight: 400;\">, explique : \u00ab\u00a0Notre programme AquaEntrepreneur est <\/span><b>une preuve concr\u00e8te que l&rsquo;innovation est la cl\u00e9 pour r\u00e9soudre les d\u00e9fis environnementaux auxquels nous sommes confront\u00e9s<\/b><span style=\"font-weight: 400;\">. Plus important encore, il a d\u00e9montr\u00e9 que la croissance \u00e9conomique, l&rsquo;impact environnemental et l&rsquo;innovation peuvent coexister avec succ\u00e8s. L&rsquo;avenir de notre eau douce d\u00e9pend des solutions cr\u00e9\u00e9es aujourd&rsquo;hui, et cette nouvelle g\u00e9n\u00e9ration m\u00e8ne la voie. Nous sommes fiers de voir le succ\u00e8s qu&rsquo;a connu le programme au cours de sa premi\u00e8re ann\u00e9e d&rsquo;existence, et nous sommes d\u00e9termin\u00e9s \u00e0 continuer de soutenir les entreprises \u00e9mergentes pour qu&rsquo;elles puissent cr\u00e9er un impact positif durable sur l\u2019environnement. \u00bb<\/span><\/p>\n<p><span style=\"font-weight: 400;\">Fran\u00e7ois de Gasp\u00e9 Beaubien, pr\u00e9sident du conseil d\u2019administration d\u2019AquaAction, ajoute : \u00ab\u00a0La famille de Gasp\u00e9 Beaubien est fi\u00e8re d&rsquo;avoir fond\u00e9 AquaActio<\/span>n<span style=\"font-weight: 400;\">, organisme sans but lucratif, et de soutenir son programme AquaEntrepreneur. <\/span><b>En travaillant avec des entreprises \u00e9mergentes dans le domaine des technologies de l&rsquo;eau, nous avons l&rsquo;opportunit\u00e9 de contribuer \u00e0 une gestion plus efficace de notre ressource la plus pr\u00e9cieuse\u00a0: l\u2019eau.<\/b><span style=\"font-weight: 400;\"> Nous allons continuer \u00e0 mesurer notre impact afin d\u2019atteindre et m\u00eame surpasser nos objectifs. L\u2019eau doit \u00eatre consid\u00e9r\u00e9e comme essentielle et \u00eatre \u00e0 l\u2019agenda de toutes les corporations et les citoyens du pays.\u00a0\u00bb<\/span><\/p>\n<h2><span style=\"font-weight: 400;\">D\u00e9couvrez AquaEntrepreneur<\/span><\/h2>\n<p><a href=\"https:\/\/aquaaction.org\/fr\/nos-programmes\/aquaentrepreneur\/\"><span style=\"font-weight: 400;\">AquaEntrepreneur<\/span><\/a><span style=\"font-weight: 400;\"> est un programme qui propulse <\/span><b>la commercialisation et l\u2019adoption de solutions innovantes en mati\u00e8re d\u2019eau douce<\/b><span style=\"font-weight: 400;\"> dans les municipalit\u00e9s ainsi que dans les secteurs industriels et de l&rsquo;agriculture.<\/span><\/p>\n<p><span style=\"font-weight: 400;\">L\u2019objectif est de r\u00e9volutionner l\u2019industrie de l\u2019eau douce en \u00e9quipant et soutenant des entreprises de technologies de l\u2019eau afin de permettre \u00e0 leurs projets pilotes de prendre pied dans des march\u00e9s cibles difficiles \u00e0 atteindre. En rationalisant le processus de validation des solutions novatrices, ce programme peut aider \u00e0 contrecarrer les changements climatiques et \u00e0 alimenter le progr\u00e8s \u00e9conomique, tout en veillant \u00e0 ce que les pratiques mondiales de gestion de l\u2019eau demeurent efficaces et efficientes.<\/span><\/p>\n<h2><span style=\"font-weight: 400;\">Une premi\u00e8re ann\u00e9e remplie d\u2019innovations<\/span><\/h2>\n<p><span style=\"font-weight: 400;\">Au cours de cette premi\u00e8re ann\u00e9e, AquaEntrepreneur Qu\u00e9bec a facilit\u00e9 le d\u00e9ploiement de cinq projets pilotes municipaux.\u00a0<\/span><\/p>\n<ul>\n<li style=\"font-weight: 400;\" aria-level=\"1\"><a href=\"https:\/\/www.clean-nature.ca\/\"><span style=\"font-weight: 400;\">Clean Nature<\/span><\/a><span style=\"font-weight: 400;\"> diminue l\u2019impact l\u2019\u00e9pandage du Sel sur les routes \u2013 jumelage avec la Ville de l\u2019Assomption<\/span><\/li>\n<li style=\"font-weight: 400;\" aria-level=\"1\"><a href=\"https:\/\/www.smartrek.io\/?lang=fr\"><span style=\"font-weight: 400;\">Smartrek<\/span><\/a><span style=\"font-weight: 400;\"> propose un appareil pour d\u00e9tecter les fuites dans le r\u00e9seau de distribution de l\u2019eau potable \u2013 jumelage avec la Ville de Boisbriand<\/span><\/li>\n<li style=\"font-weight: 400;\" aria-level=\"1\"><a href=\"https:\/\/hoolaone.com\/fr\/accueil\/\"><span style=\"font-weight: 400;\">Hoola One<\/span><\/a><span style=\"font-weight: 400;\"> fait dans la r\u00e9cup\u00e9ration des plastiques dans les sols et les plages sablonneuses \u2013 jumelage avec le Parc Jean-Drapeau<\/span><\/li>\n<li style=\"font-weight: 400;\" aria-level=\"1\"><a href=\"https:\/\/watershedmonitoring.com\/\"><span style=\"font-weight: 400;\">Watershed Monitoring<\/span><\/a><span style=\"font-weight: 400;\"> propose une plateforme de gestion de l\u2019eau \u00e0 partir de la source au robinet \u2013 jumelage avec la ville de Gatineau<\/span><\/li>\n<li style=\"font-weight: 400;\" aria-level=\"1\"><a href=\"https:\/\/emo3.com\/\"><span style=\"font-weight: 400;\">EMO3<\/span><\/a><span style=\"font-weight: 400;\"> propose une unit\u00e9 d\u2019ozonation modulaire pour les petites et moyennes municipalit\u00e9s \u2013 jumelage avec l\u2019Aquarium de Qu\u00e9bec<\/span><\/li>\n<\/ul>\n<h2><span style=\"font-weight: 400;\">Ce n\u2019est que le d\u00e9but pour AquaEntrepreneur!<\/span><\/h2>\n<p><span style=\"font-weight: 400;\">La deuxi\u00e8me cohorte d&rsquo;AquaEntrepreneur Qu\u00e9bec, qui vient d&rsquo;\u00eatre lanc\u00e9e, a connu une croissance sans pr\u00e9c\u00e9dent de 350 % des entreprises participantes, passant de 6 \u00e0 20, et pr\u00e9voit d&rsquo;atteindre ses objectifs triennaux d\u00e8s la premi\u00e8re ann\u00e9e!<\/span><\/p>\n<p><span style=\"font-weight: 400;\">Avec <\/span><a href=\"https:\/\/www.fondationdegaspebeaubien.org\/fr\/programme-aquaentrepreneur-quebec\/\"><span style=\"font-weight: 400;\">le soutien de 2 millions de dollars du MEIE<\/span><\/a><span style=\"font-weight: 400;\">, le programme AquaEntrepreneur vise, d&rsquo;ici 2025, la <\/span><b>cr\u00e9ation de 200 emplois<\/b><span style=\"font-weight: 400;\"> dans le secteur de la gestion de l\u2019eau avec des <\/span><b>retomb\u00e9es \u00e9conomiques de 150 000 millions de dollars<\/b><span style=\"font-weight: 400;\">. De plus, on pr\u00e9voit le d\u00e9ploiement de 76 pilotes, soit le double de l&rsquo;objectif de 38\u00a0 projets pilotes pr\u00e9vus initialement. Trois nouvelles cohortes verront le jour d&rsquo;ici 2025.<\/span><\/p>\n<p><span style=\"font-weight: 400;\">Gr\u00e2ce \u00e0 une \u00e9troite collaboration avec les municipalit\u00e9s, les industries et les agences gouvernementales, AquaEntrepreneur Qu\u00e9bec contribuera \u00e0 am\u00e9liorer l&rsquo;efficacit\u00e9 de la gestion de l&rsquo;eau, \u00e0 promouvoir la durabilit\u00e9 environnementale et \u00e0 stimuler l&rsquo;innovation technologique. AquaAction, AquaEntrepreneur et la Fondation de Gasp\u00e9 Beaubien participent \u00e0 b\u00e2tir un avenir durable pour la gestion de l&rsquo;eau dans les communaut\u00e9s locales et au-del\u00e0. Cette mission vous interpelle? <a href=\"https:\/\/www.fondationdegaspebeaubien.org\/fr\/comment-contribuer-a-la-preservation-de-leau-douce\/\">D\u00e9couvrez comment contribuer \u00e0 la pr\u00e9servation de l&rsquo;eau douce.<\/a><\/span><\/p>\n","protected":false},"excerpt":{"rendered":"<p>Le 3 mai dernier, AquaAction et la Fondation de Gasp\u00e9 Beaubien c\u00e9l\u00e8braient le premier anniversaire d\u2019AquaEntrepreneur Qu\u00e9bec! Cette premi\u00e8re ann\u00e9e est une fiert\u00e9 pour tous. Notre motivation pour la protection de l&rsquo;eau est plus forte que jamais et nous pousse \u00e0 poursuivre le travail pour la pr\u00e9servation et la saine gestion de l\u2019eau douce. Soula [&hellip;]<\/p>\n","protected":false},"author":1,"featured_media":2105,"comment_status":"open","ping_status":"open","sticky":false,"template":"","format":"standard","meta":{"_acf_changed":false,"footnotes":""},"categories":[112],"tags":[],"class_list":["post-2104","post","type-post","status-publish","format-standard","has-post-thumbnail","hentry","category-aquaaction"],"acf":[],"yoast_head":"<!-- This site is optimized with the Yoast SEO plugin v27.3 - https:\/\/yoast.com\/product\/yoast-seo-wordpress\/ -->\n<title>1 an pour AquaEntrepreneur Qu\u00e9bec! - Fondation de Gasp\u00e9 Beaubien<\/title>\n<meta name=\"description\" content=\"D\u00e9j\u00e0 un an pour AquaEntrepreneur Qu\u00e9bec! Faites un retour sur cette ann\u00e9e bien remplie en innovations pour la pr\u00e9servation de l&#039;eau.\" \/>\n<meta name=\"robots\" content=\"index, follow, max-snippet:-1, max-image-preview:large, max-video-preview:-1\" \/>\n<link rel=\"canonical\" href=\"https:\/\/www.fondationdegaspebeaubien.org\/fr\/1-an-pour-aquaentrepreneur-quebec\/\" \/>\n<meta property=\"og:locale\" content=\"fr_FR\" \/>\n<meta property=\"og:type\" content=\"article\" \/>\n<meta property=\"og:title\" content=\"1 an pour AquaEntrepreneur Qu\u00e9bec! - Fondation de Gasp\u00e9 Beaubien\" \/>\n<meta property=\"og:description\" content=\"D\u00e9j\u00e0 un an pour AquaEntrepreneur Qu\u00e9bec! Faites un retour sur cette ann\u00e9e bien remplie en innovations pour la pr\u00e9servation de l&#039;eau.\" \/>\n<meta property=\"og:url\" content=\"https:\/\/www.fondationdegaspebeaubien.org\/fr\/1-an-pour-aquaentrepreneur-quebec\/\" \/>\n<meta property=\"og:site_name\" content=\"Fondation de Gasp\u00e9 Beaubien\" \/>\n<meta property=\"article:published_time\" content=\"2023-05-25T13:35:46+00:00\" \/>\n<meta property=\"article:modified_time\" content=\"2023-10-11T15:32:24+00:00\" \/>\n<meta property=\"og:image\" content=\"https:\/\/www.fondationdegaspebeaubien.org\/wp-content\/uploads\/2023\/05\/Photo-Aqua-Action-13-of-21-scaled.jpg\" \/>\n\t<meta property=\"og:image:width\" content=\"2560\" \/>\n\t<meta property=\"og:image:height\" content=\"1707\" \/>\n\t<meta property=\"og:image:type\" content=\"image\/jpeg\" \/>\n<meta name=\"author\" content=\"smartbugmedia\" \/>\n<meta name=\"twitter:card\" content=\"summary_large_image\" \/>\n<meta name=\"twitter:label1\" content=\"\u00c9crit par\" \/>\n\t<meta name=\"twitter:data1\" content=\"smartbugmedia\" \/>\n\t<meta name=\"twitter:label2\" content=\"Dur\u00e9e de lecture estim\u00e9e\" \/>\n\t<meta name=\"twitter:data2\" content=\"4 minutes\" \/>\n<script type=\"application\/ld+json\" class=\"yoast-schema-graph\">{\"@context\":\"https:\\\/\\\/schema.org\",\"@graph\":[{\"@type\":\"Article\",\"@id\":\"https:\\\/\\\/www.fondationdegaspebeaubien.org\\\/fr\\\/1-an-pour-aquaentrepreneur-quebec\\\/#article\",\"isPartOf\":{\"@id\":\"https:\\\/\\\/www.fondationdegaspebeaubien.org\\\/fr\\\/1-an-pour-aquaentrepreneur-quebec\\\/\"},\"author\":{\"name\":\"smartbugmedia\",\"@id\":\"https:\\\/\\\/www.fondationdegaspebeaubien.org\\\/en\\\/#\\\/schema\\\/person\\\/e84c883213d8e6cb00f1775074c74263\"},\"headline\":\"1 an pour AquaEntrepreneur Qu\u00e9bec!\",\"datePublished\":\"2023-05-25T13:35:46+00:00\",\"dateModified\":\"2023-10-11T15:32:24+00:00\",\"mainEntityOfPage\":{\"@id\":\"https:\\\/\\\/www.fondationdegaspebeaubien.org\\\/fr\\\/1-an-pour-aquaentrepreneur-quebec\\\/\"},\"wordCount\":730,\"commentCount\":0,\"image\":{\"@id\":\"https:\\\/\\\/www.fondationdegaspebeaubien.org\\\/fr\\\/1-an-pour-aquaentrepreneur-quebec\\\/#primaryimage\"},\"thumbnailUrl\":\"https:\\\/\\\/www.fondationdegaspebeaubien.org\\\/wp-content\\\/uploads\\\/2023\\\/05\\\/Photo-Aqua-Action-13-of-21-scaled.jpg\",\"articleSection\":[\"AquaAction\"],\"inLanguage\":\"fr-FR\",\"potentialAction\":[{\"@type\":\"CommentAction\",\"name\":\"Comment\",\"target\":[\"https:\\\/\\\/www.fondationdegaspebeaubien.org\\\/fr\\\/1-an-pour-aquaentrepreneur-quebec\\\/#respond\"]}]},{\"@type\":\"WebPage\",\"@id\":\"https:\\\/\\\/www.fondationdegaspebeaubien.org\\\/fr\\\/1-an-pour-aquaentrepreneur-quebec\\\/\",\"url\":\"https:\\\/\\\/www.fondationdegaspebeaubien.org\\\/fr\\\/1-an-pour-aquaentrepreneur-quebec\\\/\",\"name\":\"1 an pour AquaEntrepreneur Qu\u00e9bec! - Fondation de Gasp\u00e9 Beaubien\",\"isPartOf\":{\"@id\":\"https:\\\/\\\/www.fondationdegaspebeaubien.org\\\/en\\\/#website\"},\"primaryImageOfPage\":{\"@id\":\"https:\\\/\\\/www.fondationdegaspebeaubien.org\\\/fr\\\/1-an-pour-aquaentrepreneur-quebec\\\/#primaryimage\"},\"image\":{\"@id\":\"https:\\\/\\\/www.fondationdegaspebeaubien.org\\\/fr\\\/1-an-pour-aquaentrepreneur-quebec\\\/#primaryimage\"},\"thumbnailUrl\":\"https:\\\/\\\/www.fondationdegaspebeaubien.org\\\/wp-content\\\/uploads\\\/2023\\\/05\\\/Photo-Aqua-Action-13-of-21-scaled.jpg\",\"datePublished\":\"2023-05-25T13:35:46+00:00\",\"dateModified\":\"2023-10-11T15:32:24+00:00\",\"author\":{\"@id\":\"https:\\\/\\\/www.fondationdegaspebeaubien.org\\\/en\\\/#\\\/schema\\\/person\\\/e84c883213d8e6cb00f1775074c74263\"},\"description\":\"D\u00e9j\u00e0 un an pour AquaEntrepreneur Qu\u00e9bec! Faites un retour sur cette ann\u00e9e bien remplie en innovations pour la pr\u00e9servation de l'eau.\",\"breadcrumb\":{\"@id\":\"https:\\\/\\\/www.fondationdegaspebeaubien.org\\\/fr\\\/1-an-pour-aquaentrepreneur-quebec\\\/#breadcrumb\"},\"inLanguage\":\"fr-FR\",\"potentialAction\":[{\"@type\":\"ReadAction\",\"target\":[\"https:\\\/\\\/www.fondationdegaspebeaubien.org\\\/fr\\\/1-an-pour-aquaentrepreneur-quebec\\\/\"]}]},{\"@type\":\"ImageObject\",\"inLanguage\":\"fr-FR\",\"@id\":\"https:\\\/\\\/www.fondationdegaspebeaubien.org\\\/fr\\\/1-an-pour-aquaentrepreneur-quebec\\\/#primaryimage\",\"url\":\"https:\\\/\\\/www.fondationdegaspebeaubien.org\\\/wp-content\\\/uploads\\\/2023\\\/05\\\/Photo-Aqua-Action-13-of-21-scaled.jpg\",\"contentUrl\":\"https:\\\/\\\/www.fondationdegaspebeaubien.org\\\/wp-content\\\/uploads\\\/2023\\\/05\\\/Photo-Aqua-Action-13-of-21-scaled.jpg\",\"width\":2560,\"height\":1707,\"caption\":\"De gauche \u00e0 droite : Soula Chronopoulos, Pr\u00e9sidente de AquaAction, Pierre Fitzgibbon Ministre du MEIE, Nan-b de Gasp\u00e9 Beaubien pr\u00e9sidente du conseil de la Fondation de Gasp\u00e9 Beaubien, Fran\u00e7ois de Gasp\u00e9 Beaubien pr\u00e9sident du conseil d\u2019AquaAction, Louis-Alexandre de Gasp\u00e9 Beaubien petit fils de Nan-b impliqu\u00e9 dans la cause de l\u2019eau, Dominique Monchamp directrice g\u00e9n\u00e9rale de la Fondation de Gasp\u00e9 Beaubien.\"},{\"@type\":\"BreadcrumbList\",\"@id\":\"https:\\\/\\\/www.fondationdegaspebeaubien.org\\\/fr\\\/1-an-pour-aquaentrepreneur-quebec\\\/#breadcrumb\",\"itemListElement\":[{\"@type\":\"ListItem\",\"position\":1,\"name\":\"Home\",\"item\":\"https:\\\/\\\/www.fondationdegaspebeaubien.org\\\/fr\\\/\"},{\"@type\":\"ListItem\",\"position\":2,\"name\":\"1 an pour AquaEntrepreneur Qu\u00e9bec!\"}]},{\"@type\":\"WebSite\",\"@id\":\"https:\\\/\\\/www.fondationdegaspebeaubien.org\\\/en\\\/#website\",\"url\":\"https:\\\/\\\/www.fondationdegaspebeaubien.org\\\/en\\\/\",\"name\":\"Fondation de Gasp\u00e9 Beaubien\",\"description\":\"Appuyer le changement au sein de la communaut\u00e9\",\"potentialAction\":[{\"@type\":\"SearchAction\",\"target\":{\"@type\":\"EntryPoint\",\"urlTemplate\":\"https:\\\/\\\/www.fondationdegaspebeaubien.org\\\/en\\\/?s={search_term_string}\"},\"query-input\":{\"@type\":\"PropertyValueSpecification\",\"valueRequired\":true,\"valueName\":\"search_term_string\"}}],\"inLanguage\":\"fr-FR\"},{\"@type\":\"Person\",\"@id\":\"https:\\\/\\\/www.fondationdegaspebeaubien.org\\\/en\\\/#\\\/schema\\\/person\\\/e84c883213d8e6cb00f1775074c74263\",\"name\":\"smartbugmedia\",\"image\":{\"@type\":\"ImageObject\",\"inLanguage\":\"fr-FR\",\"@id\":\"https:\\\/\\\/secure.gravatar.com\\\/avatar\\\/97b857c2b07334a0c01d0a4c9531e3bbfbced011ed68c984b0e56002a21bde47?s=96&d=mm&r=g\",\"url\":\"https:\\\/\\\/secure.gravatar.com\\\/avatar\\\/97b857c2b07334a0c01d0a4c9531e3bbfbced011ed68c984b0e56002a21bde47?s=96&d=mm&r=g\",\"contentUrl\":\"https:\\\/\\\/secure.gravatar.com\\\/avatar\\\/97b857c2b07334a0c01d0a4c9531e3bbfbced011ed68c984b0e56002a21bde47?s=96&d=mm&r=g\",\"caption\":\"smartbugmedia\"},\"url\":\"https:\\\/\\\/www.fondationdegaspebeaubien.org\\\/fr\\\/author\\\/cms\\\/\"}]}<\/script>\n<!-- \/ Yoast SEO plugin. -->","yoast_head_json":{"title":"1 an pour AquaEntrepreneur Qu\u00e9bec! - Fondation de Gasp\u00e9 Beaubien","description":"D\u00e9j\u00e0 un an pour AquaEntrepreneur Qu\u00e9bec! Faites un retour sur cette ann\u00e9e bien remplie en innovations pour la pr\u00e9servation de l'eau.","robots":{"index":"index","follow":"follow","max-snippet":"max-snippet:-1","max-image-preview":"max-image-preview:large","max-video-preview":"max-video-preview:-1"},"canonical":"https:\/\/www.fondationdegaspebeaubien.org\/fr\/1-an-pour-aquaentrepreneur-quebec\/","og_locale":"fr_FR","og_type":"article","og_title":"1 an pour AquaEntrepreneur Qu\u00e9bec! - Fondation de Gasp\u00e9 Beaubien","og_description":"D\u00e9j\u00e0 un an pour AquaEntrepreneur Qu\u00e9bec! Faites un retour sur cette ann\u00e9e bien remplie en innovations pour la pr\u00e9servation de l'eau.","og_url":"https:\/\/www.fondationdegaspebeaubien.org\/fr\/1-an-pour-aquaentrepreneur-quebec\/","og_site_name":"Fondation de Gasp\u00e9 Beaubien","article_published_time":"2023-05-25T13:35:46+00:00","article_modified_time":"2023-10-11T15:32:24+00:00","og_image":[{"width":2560,"height":1707,"url":"https:\/\/www.fondationdegaspebeaubien.org\/wp-content\/uploads\/2023\/05\/Photo-Aqua-Action-13-of-21-scaled.jpg","type":"image\/jpeg"}],"author":"smartbugmedia","twitter_card":"summary_large_image","twitter_misc":{"\u00c9crit par":"smartbugmedia","Dur\u00e9e de lecture estim\u00e9e":"4 minutes"},"schema":{"@context":"https:\/\/schema.org","@graph":[{"@type":"Article","@id":"https:\/\/www.fondationdegaspebeaubien.org\/fr\/1-an-pour-aquaentrepreneur-quebec\/#article","isPartOf":{"@id":"https:\/\/www.fondationdegaspebeaubien.org\/fr\/1-an-pour-aquaentrepreneur-quebec\/"},"author":{"name":"smartbugmedia","@id":"https:\/\/www.fondationdegaspebeaubien.org\/en\/#\/schema\/person\/e84c883213d8e6cb00f1775074c74263"},"headline":"1 an pour AquaEntrepreneur Qu\u00e9bec!","datePublished":"2023-05-25T13:35:46+00:00","dateModified":"2023-10-11T15:32:24+00:00","mainEntityOfPage":{"@id":"https:\/\/www.fondationdegaspebeaubien.org\/fr\/1-an-pour-aquaentrepreneur-quebec\/"},"wordCount":730,"commentCount":0,"image":{"@id":"https:\/\/www.fondationdegaspebeaubien.org\/fr\/1-an-pour-aquaentrepreneur-quebec\/#primaryimage"},"thumbnailUrl":"https:\/\/www.fondationdegaspebeaubien.org\/wp-content\/uploads\/2023\/05\/Photo-Aqua-Action-13-of-21-scaled.jpg","articleSection":["AquaAction"],"inLanguage":"fr-FR","potentialAction":[{"@type":"CommentAction","name":"Comment","target":["https:\/\/www.fondationdegaspebeaubien.org\/fr\/1-an-pour-aquaentrepreneur-quebec\/#respond"]}]},{"@type":"WebPage","@id":"https:\/\/www.fondationdegaspebeaubien.org\/fr\/1-an-pour-aquaentrepreneur-quebec\/","url":"https:\/\/www.fondationdegaspebeaubien.org\/fr\/1-an-pour-aquaentrepreneur-quebec\/","name":"1 an pour AquaEntrepreneur Qu\u00e9bec! - Fondation de Gasp\u00e9 Beaubien","isPartOf":{"@id":"https:\/\/www.fondationdegaspebeaubien.org\/en\/#website"},"primaryImageOfPage":{"@id":"https:\/\/www.fondationdegaspebeaubien.org\/fr\/1-an-pour-aquaentrepreneur-quebec\/#primaryimage"},"image":{"@id":"https:\/\/www.fondationdegaspebeaubien.org\/fr\/1-an-pour-aquaentrepreneur-quebec\/#primaryimage"},"thumbnailUrl":"https:\/\/www.fondationdegaspebeaubien.org\/wp-content\/uploads\/2023\/05\/Photo-Aqua-Action-13-of-21-scaled.jpg","datePublished":"2023-05-25T13:35:46+00:00","dateModified":"2023-10-11T15:32:24+00:00","author":{"@id":"https:\/\/www.fondationdegaspebeaubien.org\/en\/#\/schema\/person\/e84c883213d8e6cb00f1775074c74263"},"description":"D\u00e9j\u00e0 un an pour AquaEntrepreneur Qu\u00e9bec! Faites un retour sur cette ann\u00e9e bien remplie en innovations pour la pr\u00e9servation de l'eau.","breadcrumb":{"@id":"https:\/\/www.fondationdegaspebeaubien.org\/fr\/1-an-pour-aquaentrepreneur-quebec\/#breadcrumb"},"inLanguage":"fr-FR","potentialAction":[{"@type":"ReadAction","target":["https:\/\/www.fondationdegaspebeaubien.org\/fr\/1-an-pour-aquaentrepreneur-quebec\/"]}]},{"@type":"ImageObject","inLanguage":"fr-FR","@id":"https:\/\/www.fondationdegaspebeaubien.org\/fr\/1-an-pour-aquaentrepreneur-quebec\/#primaryimage","url":"https:\/\/www.fondationdegaspebeaubien.org\/wp-content\/uploads\/2023\/05\/Photo-Aqua-Action-13-of-21-scaled.jpg","contentUrl":"https:\/\/www.fondationdegaspebeaubien.org\/wp-content\/uploads\/2023\/05\/Photo-Aqua-Action-13-of-21-scaled.jpg","width":2560,"height":1707,"caption":"De gauche \u00e0 droite : Soula Chronopoulos, Pr\u00e9sidente de AquaAction, Pierre Fitzgibbon Ministre du MEIE, Nan-b de Gasp\u00e9 Beaubien pr\u00e9sidente du conseil de la Fondation de Gasp\u00e9 Beaubien, Fran\u00e7ois de Gasp\u00e9 Beaubien pr\u00e9sident du conseil d\u2019AquaAction, Louis-Alexandre de Gasp\u00e9 Beaubien petit fils de Nan-b impliqu\u00e9 dans la cause de l\u2019eau, Dominique Monchamp directrice g\u00e9n\u00e9rale de la Fondation de Gasp\u00e9 Beaubien."},{"@type":"BreadcrumbList","@id":"https:\/\/www.fondationdegaspebeaubien.org\/fr\/1-an-pour-aquaentrepreneur-quebec\/#breadcrumb","itemListElement":[{"@type":"ListItem","position":1,"name":"Home","item":"https:\/\/www.fondationdegaspebeaubien.org\/fr\/"},{"@type":"ListItem","position":2,"name":"1 an pour AquaEntrepreneur Qu\u00e9bec!"}]},{"@type":"WebSite","@id":"https:\/\/www.fondationdegaspebeaubien.org\/en\/#website","url":"https:\/\/www.fondationdegaspebeaubien.org\/en\/","name":"Fondation de Gasp\u00e9 Beaubien","description":"Appuyer le changement au sein de la communaut\u00e9","potentialAction":[{"@type":"SearchAction","target":{"@type":"EntryPoint","urlTemplate":"https:\/\/www.fondationdegaspebeaubien.org\/en\/?s={search_term_string}"},"query-input":{"@type":"PropertyValueSpecification","valueRequired":true,"valueName":"search_term_string"}}],"inLanguage":"fr-FR"},{"@type":"Person","@id":"https:\/\/www.fondationdegaspebeaubien.org\/en\/#\/schema\/person\/e84c883213d8e6cb00f1775074c74263","name":"smartbugmedia","image":{"@type":"ImageObject","inLanguage":"fr-FR","@id":"https:\/\/secure.gravatar.com\/avatar\/97b857c2b07334a0c01d0a4c9531e3bbfbced011ed68c984b0e56002a21bde47?s=96&d=mm&r=g","url":"https:\/\/secure.gravatar.com\/avatar\/97b857c2b07334a0c01d0a4c9531e3bbfbced011ed68c984b0e56002a21bde47?s=96&d=mm&r=g","contentUrl":"https:\/\/secure.gravatar.com\/avatar\/97b857c2b07334a0c01d0a4c9531e3bbfbced011ed68c984b0e56002a21bde47?s=96&d=mm&r=g","caption":"smartbugmedia"},"url":"https:\/\/www.fondationdegaspebeaubien.org\/fr\/author\/cms\/"}]}},"_links":{"self":[{"href":"https:\/\/www.fondationdegaspebeaubien.org\/fr\/wp-json\/wp\/v2\/posts\/2104","targetHints":{"allow":["GET"]}}],"collection":[{"href":"https:\/\/www.fondationdegaspebeaubien.org\/fr\/wp-json\/wp\/v2\/posts"}],"about":[{"href":"https:\/\/www.fondationdegaspebeaubien.org\/fr\/wp-json\/wp\/v2\/types\/post"}],"author":[{"embeddable":true,"href":"https:\/\/www.fondationdegaspebeaubien.org\/fr\/wp-json\/wp\/v2\/users\/1"}],"replies":[{"embeddable":true,"href":"https:\/\/www.fondationdegaspebeaubien.org\/fr\/wp-json\/wp\/v2\/comments?post=2104"}],"version-history":[{"count":3,"href":"https:\/\/www.fondationdegaspebeaubien.org\/fr\/wp-json\/wp\/v2\/posts\/2104\/revisions"}],"predecessor-version":[{"id":2212,"href":"https:\/\/www.fondationdegaspebeaubien.org\/fr\/wp-json\/wp\/v2\/posts\/2104\/revisions\/2212"}],"wp:featuredmedia":[{"embeddable":true,"href":"https:\/\/www.fondationdegaspebeaubien.org\/fr\/wp-json\/wp\/v2\/media\/2105"}],"wp:attachment":[{"href":"https:\/\/www.fondationdegaspebeaubien.org\/fr\/wp-json\/wp\/v2\/media?parent=2104"}],"wp:term":[{"taxonomy":"category","embeddable":true,"href":"https:\/\/www.fondationdegaspebeaubien.org\/fr\/wp-json\/wp\/v2\/categories?post=2104"},{"taxonomy":"post_tag","embeddable":true,"href":"https:\/\/www.fondationdegaspebeaubien.org\/fr\/wp-json\/wp\/v2\/tags?post=2104"}],"curies":[{"name":"wp","href":"https:\/\/api.w.org\/{rel}","templated":true}]}}