{"id":2263,"date":"2023-11-21T10:47:58","date_gmt":"2023-11-21T15:47:58","guid":{"rendered":"https:\/\/www.fondationdegaspebeaubien.org\/?p=2263"},"modified":"2023-12-12T10:50:03","modified_gmt":"2023-12-12T15:50:03","slug":"nouveaux-leaders-de-la-coalition-canadienne-pour-des-eaux-saines","status":"publish","type":"post","link":"https:\/\/www.fondationdegaspebeaubien.org\/fr\/nouveaux-leaders-de-la-coalition-canadienne-pour-des-eaux-saines\/","title":{"rendered":"Nouveaux leaders de la Coalition canadienne pour des eaux saines"},"content":{"rendered":"<p><span style=\"font-weight: 400;\">Depuis le 6 octobre 2023, Dominique Monchamp de la <\/span><a href=\"https:\/\/www.fondationdegaspebeaubien.org\/fr\/\"><span style=\"font-weight: 400;\">Fondation de Gasp\u00e9 Beaubien<\/span><\/a><span style=\"font-weight: 400;\"> et Emily Hines de <\/span><a href=\"https:\/\/www.flowcanada.org\/\"><span style=\"font-weight: 400;\">Forum for Leadership on Water (FLOW)<\/span><\/a><span style=\"font-weight: 400;\"> ont pris le r\u00f4le de coordonnatrices pour la Coalition canadienne pour des eaux saines. <\/span><b>Toute l\u2019\u00e9quipe de la Fondation est fi\u00e8re de ces nominations qui permettront de poursuivre le travail de la Coalition. <\/b><span style=\"font-weight: 400;\">Nous remercions Andrew Stegemann de <\/span><a href=\"https:\/\/www.ourlivingwaters.ca\/\"><span style=\"font-weight: 400;\">Our Living Waters<\/span><\/a><span style=\"font-weight: 400;\"> qui a tenu le fort pendant les deux derni\u00e8res ann\u00e9es. Son travail est entre bonnes mains et continuera de porter fruit.<\/span><\/p>\n<h2><span style=\"font-weight: 400;\">Un r\u00f4le grandissant pour la Fondation \u00e0 la Coalition<\/span><\/h2>\n<p><span style=\"font-weight: 400;\">Gr\u00e2ce \u00e0 sa position unique liant le Qu\u00e9bec au reste du Canada, la Fondation de Gasp\u00e9 Beaubien tient un r\u00f4le de premier plan au sein de la Coalition depuis ses d\u00e9buts. <\/span><a href=\"https:\/\/www.fondationdegaspebeaubien.org\/fr\/defendre-sante-eau-douce-avec-coalition-canadienne-pour-des-eaux-saines\/\"><span style=\"font-weight: 400;\">En 2022, Dominique Monchamp si\u00e9geait d\u00e9j\u00e0 sur le comit\u00e9 directeur de la Coalition<\/span><\/a><span style=\"font-weight: 400;\">; son implication augmente maintenant en prenant les responsabilit\u00e9s allant avec le r\u00f4le de co-coordonnatrice de la Coalition.<\/span><\/p>\n<p><span style=\"font-weight: 400;\">Dans un premier temps, son objectif le plus important est de rassembler les parties prenantes du Canada autour des enjeux de l\u2019eau afin de porter un message coh\u00e9rent et endoss\u00e9 par tous les membres de la Coalition. Pour ce faire, l\u2019\u00e9coute et le respect des membres seront les atouts les plus importants. Dans un deuxi\u00e8me temps, Dominique veut assurer une bonne communication entre le Canada anglophone et francophone en surmontant les barri\u00e8res linguistiques et culturelles. Encore une fois, le partage, l\u2019\u00e9coute et le respect seront les valeurs v\u00e9hicul\u00e9es tout au long de son mandat.\u00a0\u00a0\u00a0<\/span><\/p>\n<p><span style=\"font-weight: 400;\">\u00ab Les membres du conseil d\u2019administration de la Fondation ont approuv\u00e9 \u00e0 l&rsquo;unanimit\u00e9 l\u2019engagement de Dominique \u00e0 titre de coordonnatrice pour la Coalition. La Fondation soutiendra aussi financi\u00e8rement les activit\u00e9s de la Coalition. L&rsquo;union fait la force et les membres de la Coalition canadienne pour des eaux saines l&rsquo;ont compris. \u00bb &#8211; <\/span><span style=\"font-weight: 400;\">Nan-B de Gasp\u00e9 Beaubien<\/span><\/p>\n<h3><span style=\"font-weight: 400;\">Un mot de notre directrice g\u00e9n\u00e9rale<\/span><\/h3>\n<p><span style=\"font-weight: 400;\">\u00ab La Coalition canadienne pour des eaux saines est une plateforme tr\u00e8s importante pour rassembler sous une m\u00eame voix les aspirations des groupes terrains de partout au Canada. Je suis convaincue qu\u2019ensemble, nous sommes plus forts et que nous pouvons faciliter les relations avec les diff\u00e9rents paliers de gouvernements. Notre travail pour des eaux saines, pour la pr\u00e9servation et la restauration de l\u2019eau douce est essentiel pour notre avenir \u00e0 tous. \u00bb &#8211; <\/span><span style=\"font-weight: 400;\">Dominique Monchamp, <\/span><span style=\"font-weight: 400;\"><br \/><\/span><span style=\"font-weight: 400;\">directrice g\u00e9n\u00e9rale de la Fondation de Gasp\u00e9 Beaubien, conseill\u00e8re senior pour AquaAction, coordonnatrice de la Coalition canadienne pour des eaux saines<\/span><\/p>\n<h2><span style=\"font-weight: 400;\">Qu\u2019est-ce que la Coalition canadienne pour des eaux saines?<\/span><\/h2>\n<p><span style=\"font-weight: 400;\">La Coalition canadienne pour des eaux saines est une alliance non partisane regroupant diverses organisations unies dans un effort commun visant \u00e0 <\/span><b>pr\u00e9server la sant\u00e9 des eaux douces, couvrant l&rsquo;ensemble du territoire canadien, des eaux int\u00e9rieures aux rives c\u00f4ti\u00e8res<\/b><span style=\"font-weight: 400;\">. <\/span><a href=\"https:\/\/www.fondationdegaspebeaubien.org\/fr\/defendre-sante-eau-douce-avec-coalition-canadienne-pour-des-eaux-saines\/\"><span style=\"font-weight: 400;\">La Fondation de Gasp\u00e9 Beaubien est un heureux membre de la Coalition canadienne pour des eaux saines depuis ses d\u00e9buts en 2021.<\/span><\/a><\/p>\n<p><span style=\"font-weight: 400;\">La Coalition explique\u00a0:\u00a0\u00ab\u00a0Il doit s\u2019agir d\u2019un effort de collaboration qui fait appel \u00e0 tous les ordres de gouvernement, qui fait participer les Canadiens et qui tire parti de la richesse des connaissances scientifiques, \u00e9cologiques et traditionnelles de la population en mati\u00e8re d\u2019eau. Le gouvernement f\u00e9d\u00e9ral a un r\u00f4le de premier plan \u00e0 jouer dans cette transformation, et la Coalition canadienne pour des eaux saines est unie dans son plaidoyer pour que le gouvernement f\u00e9d\u00e9ral exerce un leadership affirm\u00e9 et appropri\u00e9.\u00a0\u00bb<\/span><\/p>\n<h3><span style=\"font-weight: 400;\">L\u2019objectif de la Coalition canadienne pour des eaux saines<\/span><\/h3>\n<p><span style=\"font-weight: 400;\">La Coalition et ses membres veulent att\u00e9nuer les menaces qui p\u00e8sent sur l\u2019eau douce partout au pays et encourager la pr\u00e9servation des eaux saines. Pour cette organisation, cela passe par l\u2019entreprise de trois demandes au gouvernement f\u00e9d\u00e9ral.<\/span><\/p>\n<p><span style=\"font-weight: 400;\">Les <\/span><a href=\"https:\/\/coalitioneauxsaines.ca\/nos-revendications\/\"><span style=\"font-weight: 400;\">revendications de la Coalition<\/span><\/a><span style=\"font-weight: 400;\"> sont clairs\u00a0:<\/span><\/p>\n<ul>\n<li><b>\u00c9tablir une solide Agence canadienne de l\u2019eau.<\/b><\/li>\n<li><b>Renouveler la Loi sur les ressources en eau du Canada vieille de plus de 50 ans.<\/b><\/li>\n<li><b>Conclure un investissement historique d\u2019un milliard de dollars sur cinq ans dans le cadre du Plan d\u2019action sur l\u2019eau.<\/b><\/li>\n<\/ul>\n<p>Si les objectifs de la Coalition canadienne pour des eaux saines suscitent votre int\u00e9r\u00eat et que vous d\u00e9sirez contribuer au changement, nous vous encourageons \u00e0 <a href=\"https:\/\/coalitioneauxsaines.ca\/\">visiter le site web<\/a> et \u00e0 <a href=\"https:\/\/coalitioneauxsaines.ca\/devenir-membre\/\">inscrire votre organisation pour devenir membre de la Coalition<\/a>.<\/p>\n<h2><span style=\"font-weight: 400;\">Unissons-nous pour l\u2019avenir de l\u2019eau!<\/span><\/h2>\n<p><span style=\"font-weight: 400;\">Vous n\u2019avez pas d\u2019organisation pouvant devenir membre de la Coalition, mais vous partagez tout de m\u00eame <\/span><a href=\"https:\/\/www.fondationdegaspebeaubien.org\/fr\/notre-motivation-et-notre-expertise-dans-la-preservation-de-leau\/\"><span style=\"font-weight: 400;\">notre motivation pour la pr\u00e9servation de l\u2019eau<\/span><\/a><span style=\"font-weight: 400;\">? Pas de soucis. Vous pouvez <\/span><a href=\"https:\/\/www.fondationdegaspebeaubien.org\/fr\/comment-contribuer-a-la-preservation-de-leau-douce\/\"><span style=\"font-weight: 400;\">contribuer \u00e0 la pr\u00e9servation de l\u2019eau douce de bien d\u2019autres fa\u00e7ons<\/span><\/a><span style=\"font-weight: 400;\">. Soutenez des organismes engag\u00e9s pour l\u2019eau comme <\/span><a href=\"https:\/\/aquaaction.org\/fr\/faites-un-don\/\"><span style=\"font-weight: 400;\">AquaAction<\/span><\/a><span style=\"font-weight: 400;\">, utilisez l\u2019eau intelligemment, sensibilisez vos proches\u2026 Chaque geste compte!<\/span><\/p>\n<p><span style=\"font-weight: 400;\">Les menaces pesant sur nos r\u00e9serves d&rsquo;eau potable incluent les <\/span><a href=\"https:\/\/www.fondationdegaspebeaubien.org\/fr\/preservation-eau-enjeu-majeur\/\"><span style=\"font-weight: 400;\">changements climatiques<\/span><\/a><span style=\"font-weight: 400;\">, les <\/span><a href=\"https:\/\/www.fondationdegaspebeaubien.org\/fr\/investir-dans-eau-est-payant\/\"><span style=\"font-weight: 400;\">infrastructures inad\u00e9quates<\/span><\/a><span style=\"font-weight: 400;\"> et la surconsommation. <\/span><b>En unissant nos efforts, nous pouvons \u0153uvrer \u00e0 la pr\u00e9servation de cette ressource vitale avant qu&rsquo;il ne soit trop tard. <\/b><span style=\"font-weight: 400;\">Pr\u00e9servons les sources d&rsquo;eau, qu&rsquo;elles demeurent pures et abondantes, tant pour les g\u00e9n\u00e9rations actuelles que futures.<\/span><\/p>\n","protected":false},"excerpt":{"rendered":"<p>Depuis le 6 octobre 2023, Dominique Monchamp de la Fondation de Gasp\u00e9 Beaubien et Emily Hines de Forum for Leadership on Water (FLOW) ont pris le r\u00f4le de coordonnatrices pour la Coalition canadienne pour des eaux saines. Toute l\u2019\u00e9quipe de la Fondation est fi\u00e8re de ces nominations qui permettront de poursuivre le travail de la [&hellip;]<\/p>\n","protected":false},"author":1,"featured_media":2438,"comment_status":"open","ping_status":"open","sticky":false,"template":"","format":"standard","meta":{"_acf_changed":false,"footnotes":""},"categories":[112],"tags":[],"class_list":["post-2263","post","type-post","status-publish","format-standard","has-post-thumbnail","hentry","category-aquaaction"],"acf":[],"yoast_head":"<!-- This site is optimized with the Yoast SEO plugin v27.3 - https:\/\/yoast.com\/product\/yoast-seo-wordpress\/ -->\n<title>Nouveaux leaders de la Coalition canadienne pour des eaux saines - Fondation de Gasp\u00e9 Beaubien<\/title>\n<meta name=\"description\" content=\"Dominique Monchamp de la Fondation de Gasp\u00e9 Beaubien est maintenant coordonnatrices pour la Coalition canadienne pour des eaux saines.\" \/>\n<meta name=\"robots\" content=\"index, follow, max-snippet:-1, max-image-preview:large, max-video-preview:-1\" \/>\n<link rel=\"canonical\" href=\"https:\/\/www.fondationdegaspebeaubien.org\/fr\/nouveaux-leaders-de-la-coalition-canadienne-pour-des-eaux-saines\/\" \/>\n<meta property=\"og:locale\" content=\"fr_FR\" \/>\n<meta property=\"og:type\" content=\"article\" \/>\n<meta property=\"og:title\" content=\"Nouveaux leaders de la Coalition canadienne pour des eaux saines - Fondation de Gasp\u00e9 Beaubien\" \/>\n<meta property=\"og:description\" content=\"Dominique Monchamp de la Fondation de Gasp\u00e9 Beaubien est maintenant coordonnatrices pour la Coalition canadienne pour des eaux saines.\" \/>\n<meta property=\"og:url\" content=\"https:\/\/www.fondationdegaspebeaubien.org\/fr\/nouveaux-leaders-de-la-coalition-canadienne-pour-des-eaux-saines\/\" \/>\n<meta property=\"og:site_name\" content=\"Fondation de Gasp\u00e9 Beaubien\" \/>\n<meta property=\"article:published_time\" content=\"2023-11-21T15:47:58+00:00\" \/>\n<meta property=\"article:modified_time\" content=\"2023-12-12T15:50:03+00:00\" \/>\n<meta property=\"og:image\" content=\"https:\/\/www.fondationdegaspebeaubien.org\/wp-content\/uploads\/2023\/11\/Dominique-Monchamps-et-Emily-Hines-1-1.png\" \/>\n\t<meta property=\"og:image:width\" content=\"1300\" \/>\n\t<meta property=\"og:image:height\" content=\"820\" \/>\n\t<meta property=\"og:image:type\" content=\"image\/png\" \/>\n<meta name=\"author\" content=\"smartbugmedia\" \/>\n<meta name=\"twitter:card\" content=\"summary_large_image\" \/>\n<meta name=\"twitter:label1\" content=\"\u00c9crit par\" \/>\n\t<meta name=\"twitter:data1\" content=\"smartbugmedia\" \/>\n\t<meta name=\"twitter:label2\" content=\"Dur\u00e9e de lecture estim\u00e9e\" \/>\n\t<meta name=\"twitter:data2\" content=\"5 minutes\" \/>\n<script type=\"application\/ld+json\" class=\"yoast-schema-graph\">{\"@context\":\"https:\\\/\\\/schema.org\",\"@graph\":[{\"@type\":\"Article\",\"@id\":\"https:\\\/\\\/www.fondationdegaspebeaubien.org\\\/fr\\\/nouveaux-leaders-de-la-coalition-canadienne-pour-des-eaux-saines\\\/#article\",\"isPartOf\":{\"@id\":\"https:\\\/\\\/www.fondationdegaspebeaubien.org\\\/fr\\\/nouveaux-leaders-de-la-coalition-canadienne-pour-des-eaux-saines\\\/\"},\"author\":{\"name\":\"smartbugmedia\",\"@id\":\"https:\\\/\\\/www.fondationdegaspebeaubien.org\\\/en\\\/#\\\/schema\\\/person\\\/e84c883213d8e6cb00f1775074c74263\"},\"headline\":\"Nouveaux leaders de la Coalition canadienne pour des eaux saines\",\"datePublished\":\"2023-11-21T15:47:58+00:00\",\"dateModified\":\"2023-12-12T15:50:03+00:00\",\"mainEntityOfPage\":{\"@id\":\"https:\\\/\\\/www.fondationdegaspebeaubien.org\\\/fr\\\/nouveaux-leaders-de-la-coalition-canadienne-pour-des-eaux-saines\\\/\"},\"wordCount\":884,\"commentCount\":0,\"image\":{\"@id\":\"https:\\\/\\\/www.fondationdegaspebeaubien.org\\\/fr\\\/nouveaux-leaders-de-la-coalition-canadienne-pour-des-eaux-saines\\\/#primaryimage\"},\"thumbnailUrl\":\"https:\\\/\\\/www.fondationdegaspebeaubien.org\\\/wp-content\\\/uploads\\\/2023\\\/11\\\/Dominique-Monchamps-et-Emily-Hines-1-1.png\",\"articleSection\":[\"AquaAction\"],\"inLanguage\":\"fr-FR\",\"potentialAction\":[{\"@type\":\"CommentAction\",\"name\":\"Comment\",\"target\":[\"https:\\\/\\\/www.fondationdegaspebeaubien.org\\\/fr\\\/nouveaux-leaders-de-la-coalition-canadienne-pour-des-eaux-saines\\\/#respond\"]}]},{\"@type\":\"WebPage\",\"@id\":\"https:\\\/\\\/www.fondationdegaspebeaubien.org\\\/fr\\\/nouveaux-leaders-de-la-coalition-canadienne-pour-des-eaux-saines\\\/\",\"url\":\"https:\\\/\\\/www.fondationdegaspebeaubien.org\\\/fr\\\/nouveaux-leaders-de-la-coalition-canadienne-pour-des-eaux-saines\\\/\",\"name\":\"Nouveaux leaders de la Coalition canadienne pour des eaux saines - Fondation de Gasp\u00e9 Beaubien\",\"isPartOf\":{\"@id\":\"https:\\\/\\\/www.fondationdegaspebeaubien.org\\\/en\\\/#website\"},\"primaryImageOfPage\":{\"@id\":\"https:\\\/\\\/www.fondationdegaspebeaubien.org\\\/fr\\\/nouveaux-leaders-de-la-coalition-canadienne-pour-des-eaux-saines\\\/#primaryimage\"},\"image\":{\"@id\":\"https:\\\/\\\/www.fondationdegaspebeaubien.org\\\/fr\\\/nouveaux-leaders-de-la-coalition-canadienne-pour-des-eaux-saines\\\/#primaryimage\"},\"thumbnailUrl\":\"https:\\\/\\\/www.fondationdegaspebeaubien.org\\\/wp-content\\\/uploads\\\/2023\\\/11\\\/Dominique-Monchamps-et-Emily-Hines-1-1.png\",\"datePublished\":\"2023-11-21T15:47:58+00:00\",\"dateModified\":\"2023-12-12T15:50:03+00:00\",\"author\":{\"@id\":\"https:\\\/\\\/www.fondationdegaspebeaubien.org\\\/en\\\/#\\\/schema\\\/person\\\/e84c883213d8e6cb00f1775074c74263\"},\"description\":\"Dominique Monchamp de la Fondation de Gasp\u00e9 Beaubien est maintenant coordonnatrices pour la Coalition canadienne pour des eaux saines.\",\"breadcrumb\":{\"@id\":\"https:\\\/\\\/www.fondationdegaspebeaubien.org\\\/fr\\\/nouveaux-leaders-de-la-coalition-canadienne-pour-des-eaux-saines\\\/#breadcrumb\"},\"inLanguage\":\"fr-FR\",\"potentialAction\":[{\"@type\":\"ReadAction\",\"target\":[\"https:\\\/\\\/www.fondationdegaspebeaubien.org\\\/fr\\\/nouveaux-leaders-de-la-coalition-canadienne-pour-des-eaux-saines\\\/\"]}]},{\"@type\":\"ImageObject\",\"inLanguage\":\"fr-FR\",\"@id\":\"https:\\\/\\\/www.fondationdegaspebeaubien.org\\\/fr\\\/nouveaux-leaders-de-la-coalition-canadienne-pour-des-eaux-saines\\\/#primaryimage\",\"url\":\"https:\\\/\\\/www.fondationdegaspebeaubien.org\\\/wp-content\\\/uploads\\\/2023\\\/11\\\/Dominique-Monchamps-et-Emily-Hines-1-1.png\",\"contentUrl\":\"https:\\\/\\\/www.fondationdegaspebeaubien.org\\\/wp-content\\\/uploads\\\/2023\\\/11\\\/Dominique-Monchamps-et-Emily-Hines-1-1.png\",\"width\":1300,\"height\":820,\"caption\":\"Dominique Monchamp de la Fondation de Gasp\u00e9 Beaubien et Emily Hines de Forum for Leadership on Water (FLOW) ont pris le r\u00f4le de coordonnatrices pour la Coalition canadienne pour des eaux saines.\"},{\"@type\":\"BreadcrumbList\",\"@id\":\"https:\\\/\\\/www.fondationdegaspebeaubien.org\\\/fr\\\/nouveaux-leaders-de-la-coalition-canadienne-pour-des-eaux-saines\\\/#breadcrumb\",\"itemListElement\":[{\"@type\":\"ListItem\",\"position\":1,\"name\":\"Home\",\"item\":\"https:\\\/\\\/www.fondationdegaspebeaubien.org\\\/fr\\\/\"},{\"@type\":\"ListItem\",\"position\":2,\"name\":\"Nouveaux leaders de la Coalition canadienne pour des eaux saines\"}]},{\"@type\":\"WebSite\",\"@id\":\"https:\\\/\\\/www.fondationdegaspebeaubien.org\\\/en\\\/#website\",\"url\":\"https:\\\/\\\/www.fondationdegaspebeaubien.org\\\/en\\\/\",\"name\":\"Fondation de Gasp\u00e9 Beaubien\",\"description\":\"Appuyer le changement au sein de la communaut\u00e9\",\"potentialAction\":[{\"@type\":\"SearchAction\",\"target\":{\"@type\":\"EntryPoint\",\"urlTemplate\":\"https:\\\/\\\/www.fondationdegaspebeaubien.org\\\/en\\\/?s={search_term_string}\"},\"query-input\":{\"@type\":\"PropertyValueSpecification\",\"valueRequired\":true,\"valueName\":\"search_term_string\"}}],\"inLanguage\":\"fr-FR\"},{\"@type\":\"Person\",\"@id\":\"https:\\\/\\\/www.fondationdegaspebeaubien.org\\\/en\\\/#\\\/schema\\\/person\\\/e84c883213d8e6cb00f1775074c74263\",\"name\":\"smartbugmedia\",\"image\":{\"@type\":\"ImageObject\",\"inLanguage\":\"fr-FR\",\"@id\":\"https:\\\/\\\/secure.gravatar.com\\\/avatar\\\/97b857c2b07334a0c01d0a4c9531e3bbfbced011ed68c984b0e56002a21bde47?s=96&d=mm&r=g\",\"url\":\"https:\\\/\\\/secure.gravatar.com\\\/avatar\\\/97b857c2b07334a0c01d0a4c9531e3bbfbced011ed68c984b0e56002a21bde47?s=96&d=mm&r=g\",\"contentUrl\":\"https:\\\/\\\/secure.gravatar.com\\\/avatar\\\/97b857c2b07334a0c01d0a4c9531e3bbfbced011ed68c984b0e56002a21bde47?s=96&d=mm&r=g\",\"caption\":\"smartbugmedia\"},\"url\":\"https:\\\/\\\/www.fondationdegaspebeaubien.org\\\/fr\\\/author\\\/cms\\\/\"}]}<\/script>\n<!-- \/ Yoast SEO plugin. -->","yoast_head_json":{"title":"Nouveaux leaders de la Coalition canadienne pour des eaux saines - Fondation de Gasp\u00e9 Beaubien","description":"Dominique Monchamp de la Fondation de Gasp\u00e9 Beaubien est maintenant coordonnatrices pour la Coalition canadienne pour des eaux saines.","robots":{"index":"index","follow":"follow","max-snippet":"max-snippet:-1","max-image-preview":"max-image-preview:large","max-video-preview":"max-video-preview:-1"},"canonical":"https:\/\/www.fondationdegaspebeaubien.org\/fr\/nouveaux-leaders-de-la-coalition-canadienne-pour-des-eaux-saines\/","og_locale":"fr_FR","og_type":"article","og_title":"Nouveaux leaders de la Coalition canadienne pour des eaux saines - Fondation de Gasp\u00e9 Beaubien","og_description":"Dominique Monchamp de la Fondation de Gasp\u00e9 Beaubien est maintenant coordonnatrices pour la Coalition canadienne pour des eaux saines.","og_url":"https:\/\/www.fondationdegaspebeaubien.org\/fr\/nouveaux-leaders-de-la-coalition-canadienne-pour-des-eaux-saines\/","og_site_name":"Fondation de Gasp\u00e9 Beaubien","article_published_time":"2023-11-21T15:47:58+00:00","article_modified_time":"2023-12-12T15:50:03+00:00","og_image":[{"width":1300,"height":820,"url":"https:\/\/www.fondationdegaspebeaubien.org\/wp-content\/uploads\/2023\/11\/Dominique-Monchamps-et-Emily-Hines-1-1.png","type":"image\/png"}],"author":"smartbugmedia","twitter_card":"summary_large_image","twitter_misc":{"\u00c9crit par":"smartbugmedia","Dur\u00e9e de lecture estim\u00e9e":"5 minutes"},"schema":{"@context":"https:\/\/schema.org","@graph":[{"@type":"Article","@id":"https:\/\/www.fondationdegaspebeaubien.org\/fr\/nouveaux-leaders-de-la-coalition-canadienne-pour-des-eaux-saines\/#article","isPartOf":{"@id":"https:\/\/www.fondationdegaspebeaubien.org\/fr\/nouveaux-leaders-de-la-coalition-canadienne-pour-des-eaux-saines\/"},"author":{"name":"smartbugmedia","@id":"https:\/\/www.fondationdegaspebeaubien.org\/en\/#\/schema\/person\/e84c883213d8e6cb00f1775074c74263"},"headline":"Nouveaux leaders de la Coalition canadienne pour des eaux saines","datePublished":"2023-11-21T15:47:58+00:00","dateModified":"2023-12-12T15:50:03+00:00","mainEntityOfPage":{"@id":"https:\/\/www.fondationdegaspebeaubien.org\/fr\/nouveaux-leaders-de-la-coalition-canadienne-pour-des-eaux-saines\/"},"wordCount":884,"commentCount":0,"image":{"@id":"https:\/\/www.fondationdegaspebeaubien.org\/fr\/nouveaux-leaders-de-la-coalition-canadienne-pour-des-eaux-saines\/#primaryimage"},"thumbnailUrl":"https:\/\/www.fondationdegaspebeaubien.org\/wp-content\/uploads\/2023\/11\/Dominique-Monchamps-et-Emily-Hines-1-1.png","articleSection":["AquaAction"],"inLanguage":"fr-FR","potentialAction":[{"@type":"CommentAction","name":"Comment","target":["https:\/\/www.fondationdegaspebeaubien.org\/fr\/nouveaux-leaders-de-la-coalition-canadienne-pour-des-eaux-saines\/#respond"]}]},{"@type":"WebPage","@id":"https:\/\/www.fondationdegaspebeaubien.org\/fr\/nouveaux-leaders-de-la-coalition-canadienne-pour-des-eaux-saines\/","url":"https:\/\/www.fondationdegaspebeaubien.org\/fr\/nouveaux-leaders-de-la-coalition-canadienne-pour-des-eaux-saines\/","name":"Nouveaux leaders de la Coalition canadienne pour des eaux saines - Fondation de Gasp\u00e9 Beaubien","isPartOf":{"@id":"https:\/\/www.fondationdegaspebeaubien.org\/en\/#website"},"primaryImageOfPage":{"@id":"https:\/\/www.fondationdegaspebeaubien.org\/fr\/nouveaux-leaders-de-la-coalition-canadienne-pour-des-eaux-saines\/#primaryimage"},"image":{"@id":"https:\/\/www.fondationdegaspebeaubien.org\/fr\/nouveaux-leaders-de-la-coalition-canadienne-pour-des-eaux-saines\/#primaryimage"},"thumbnailUrl":"https:\/\/www.fondationdegaspebeaubien.org\/wp-content\/uploads\/2023\/11\/Dominique-Monchamps-et-Emily-Hines-1-1.png","datePublished":"2023-11-21T15:47:58+00:00","dateModified":"2023-12-12T15:50:03+00:00","author":{"@id":"https:\/\/www.fondationdegaspebeaubien.org\/en\/#\/schema\/person\/e84c883213d8e6cb00f1775074c74263"},"description":"Dominique Monchamp de la Fondation de Gasp\u00e9 Beaubien est maintenant coordonnatrices pour la Coalition canadienne pour des eaux saines.","breadcrumb":{"@id":"https:\/\/www.fondationdegaspebeaubien.org\/fr\/nouveaux-leaders-de-la-coalition-canadienne-pour-des-eaux-saines\/#breadcrumb"},"inLanguage":"fr-FR","potentialAction":[{"@type":"ReadAction","target":["https:\/\/www.fondationdegaspebeaubien.org\/fr\/nouveaux-leaders-de-la-coalition-canadienne-pour-des-eaux-saines\/"]}]},{"@type":"ImageObject","inLanguage":"fr-FR","@id":"https:\/\/www.fondationdegaspebeaubien.org\/fr\/nouveaux-leaders-de-la-coalition-canadienne-pour-des-eaux-saines\/#primaryimage","url":"https:\/\/www.fondationdegaspebeaubien.org\/wp-content\/uploads\/2023\/11\/Dominique-Monchamps-et-Emily-Hines-1-1.png","contentUrl":"https:\/\/www.fondationdegaspebeaubien.org\/wp-content\/uploads\/2023\/11\/Dominique-Monchamps-et-Emily-Hines-1-1.png","width":1300,"height":820,"caption":"Dominique Monchamp de la Fondation de Gasp\u00e9 Beaubien et Emily Hines de Forum for Leadership on Water (FLOW) ont pris le r\u00f4le de coordonnatrices pour la Coalition canadienne pour des eaux saines."},{"@type":"BreadcrumbList","@id":"https:\/\/www.fondationdegaspebeaubien.org\/fr\/nouveaux-leaders-de-la-coalition-canadienne-pour-des-eaux-saines\/#breadcrumb","itemListElement":[{"@type":"ListItem","position":1,"name":"Home","item":"https:\/\/www.fondationdegaspebeaubien.org\/fr\/"},{"@type":"ListItem","position":2,"name":"Nouveaux leaders de la Coalition canadienne pour des eaux saines"}]},{"@type":"WebSite","@id":"https:\/\/www.fondationdegaspebeaubien.org\/en\/#website","url":"https:\/\/www.fondationdegaspebeaubien.org\/en\/","name":"Fondation de Gasp\u00e9 Beaubien","description":"Appuyer le changement au sein de la communaut\u00e9","potentialAction":[{"@type":"SearchAction","target":{"@type":"EntryPoint","urlTemplate":"https:\/\/www.fondationdegaspebeaubien.org\/en\/?s={search_term_string}"},"query-input":{"@type":"PropertyValueSpecification","valueRequired":true,"valueName":"search_term_string"}}],"inLanguage":"fr-FR"},{"@type":"Person","@id":"https:\/\/www.fondationdegaspebeaubien.org\/en\/#\/schema\/person\/e84c883213d8e6cb00f1775074c74263","name":"smartbugmedia","image":{"@type":"ImageObject","inLanguage":"fr-FR","@id":"https:\/\/secure.gravatar.com\/avatar\/97b857c2b07334a0c01d0a4c9531e3bbfbced011ed68c984b0e56002a21bde47?s=96&d=mm&r=g","url":"https:\/\/secure.gravatar.com\/avatar\/97b857c2b07334a0c01d0a4c9531e3bbfbced011ed68c984b0e56002a21bde47?s=96&d=mm&r=g","contentUrl":"https:\/\/secure.gravatar.com\/avatar\/97b857c2b07334a0c01d0a4c9531e3bbfbced011ed68c984b0e56002a21bde47?s=96&d=mm&r=g","caption":"smartbugmedia"},"url":"https:\/\/www.fondationdegaspebeaubien.org\/fr\/author\/cms\/"}]}},"_links":{"self":[{"href":"https:\/\/www.fondationdegaspebeaubien.org\/fr\/wp-json\/wp\/v2\/posts\/2263","targetHints":{"allow":["GET"]}}],"collection":[{"href":"https:\/\/www.fondationdegaspebeaubien.org\/fr\/wp-json\/wp\/v2\/posts"}],"about":[{"href":"https:\/\/www.fondationdegaspebeaubien.org\/fr\/wp-json\/wp\/v2\/types\/post"}],"author":[{"embeddable":true,"href":"https:\/\/www.fondationdegaspebeaubien.org\/fr\/wp-json\/wp\/v2\/users\/1"}],"replies":[{"embeddable":true,"href":"https:\/\/www.fondationdegaspebeaubien.org\/fr\/wp-json\/wp\/v2\/comments?post=2263"}],"version-history":[{"count":4,"href":"https:\/\/www.fondationdegaspebeaubien.org\/fr\/wp-json\/wp\/v2\/posts\/2263\/revisions"}],"predecessor-version":[{"id":2440,"href":"https:\/\/www.fondationdegaspebeaubien.org\/fr\/wp-json\/wp\/v2\/posts\/2263\/revisions\/2440"}],"wp:featuredmedia":[{"embeddable":true,"href":"https:\/\/www.fondationdegaspebeaubien.org\/fr\/wp-json\/wp\/v2\/media\/2438"}],"wp:attachment":[{"href":"https:\/\/www.fondationdegaspebeaubien.org\/fr\/wp-json\/wp\/v2\/media?parent=2263"}],"wp:term":[{"taxonomy":"category","embeddable":true,"href":"https:\/\/www.fondationdegaspebeaubien.org\/fr\/wp-json\/wp\/v2\/categories?post=2263"},{"taxonomy":"post_tag","embeddable":true,"href":"https:\/\/www.fondationdegaspebeaubien.org\/fr\/wp-json\/wp\/v2\/tags?post=2263"}],"curies":[{"name":"wp","href":"https:\/\/api.w.org\/{rel}","templated":true}]}}