{"id":2443,"date":"2023-12-14T07:15:55","date_gmt":"2023-12-14T12:15:55","guid":{"rendered":"https:\/\/www.fondationdegaspebeaubien.org\/?p=2443"},"modified":"2023-12-12T11:18:43","modified_gmt":"2023-12-12T16:18:43","slug":"etat-des-lacs-du-quebec-explique","status":"publish","type":"post","link":"https:\/\/www.fondationdegaspebeaubien.org\/fr\/etat-des-lacs-du-quebec-explique\/","title":{"rendered":"L\u2019\u00e9tat des lacs du Qu\u00e9bec expliqu\u00e9"},"content":{"rendered":"<p><span style=\"font-weight: 400;\">Le Qu\u00e9bec est parsem\u00e9 de lacs et d\u2019\u00e9tendues d\u2019eau. Non seulement ils offrent des paysages \u00e0 couper le souffle, mais ils jouent aussi un r\u00f4le vital dans l&rsquo;\u00e9quilibre \u00e9cologique et \u00e9conomique de plusieurs r\u00e9gions. Depuis quelques ann\u00e9es, l\u2019\u00e9tat des lacs du Qu\u00e9bec semble devenir de plus en plus pr\u00e9occupant. Qu\u2019en est-il r\u00e9ellement de la sant\u00e9 de ces pr\u00e9cieux \u00e9cosyst\u00e8mes et de la <\/span><a href=\"https:\/\/www.fondationdegaspebeaubien.org\/fr\/preservation-eau-enjeu-majeur\/\"><span style=\"font-weight: 400;\">pr\u00e9servation de l\u2019eau<\/span><\/a><span style=\"font-weight: 400;\">?\u00a0<\/span><\/p>\n<h2><span style=\"font-weight: 400;\">1. La situation en chiffres<\/span><\/h2>\n<p><span style=\"font-weight: 400;\">Aujourd\u2019hui, <\/span><a href=\"https:\/\/www.journaldemontreal.com\/2023\/12\/31\/10-des-lacs-du-quebec-ont-des-problemes\"><span style=\"font-weight: 400;\">plus de 800 lacs sont membres actifs<\/span><\/a><span style=\"font-weight: 400;\"> du R\u00e9seau de surveillance volontaire des lacs (RSVL). Les informations disponibles pour le moment concernent cependant 765 lacs. Au total, <\/span><b>204 plans d\u2019eau sont consid\u00e9r\u00e9s comme pr\u00e9occupants<\/b><span style=\"font-weight: 400;\">. Parmi eux, 10 sont consid\u00e9r\u00e9s comme hyper-eutrophes (pire stade) et 19 sont eutrophes (l&rsquo;avant-dernier stade).\u00a0\u00a0<\/span><\/p>\n<p><span style=\"font-weight: 400;\">L\u2019\u00e9chelle d\u2019\u00e9valuation mentionn\u00e9e poss\u00e8de <\/span><a href=\"https:\/\/www.journaldemontreal.com\/enquetes\/lacs\"><span style=\"font-weight: 400;\">sept stades<\/span><\/a><span style=\"font-weight: 400;\">\u00a0:<\/span><\/p>\n<ol>\n<li style=\"font-weight: 400;\" aria-level=\"1\"><span style=\"font-weight: 400;\">ultra-oligotrophe<\/span><\/li>\n<li style=\"font-weight: 400;\" aria-level=\"1\"><span style=\"font-weight: 400;\">oligotrophe<\/span><\/li>\n<li style=\"font-weight: 400;\" aria-level=\"1\"><span style=\"font-weight: 400;\">oligo-m\u00e9sotrophe<\/span><\/li>\n<li style=\"font-weight: 400;\" aria-level=\"1\"><span style=\"font-weight: 400;\">m\u00e9sotrophe<\/span><\/li>\n<li style=\"font-weight: 400;\" aria-level=\"1\"><span style=\"font-weight: 400;\">m\u00e9so-eutrophe<\/span><\/li>\n<li style=\"font-weight: 400;\" aria-level=\"1\"><span style=\"font-weight: 400;\">eutrophe<\/span><\/li>\n<li style=\"font-weight: 400;\" aria-level=\"1\"><span style=\"font-weight: 400;\">hyper-eutrophe<\/span><\/li>\n<\/ol>\n<h3><span style=\"font-weight: 400;\">1.1. D\u2019o\u00f9 viennent ces donn\u00e9es?<\/span><\/h3>\n<p><span style=\"font-weight: 400;\">Ces donn\u00e9es proviennent du <\/span><a href=\"https:\/\/www.environnement.gouv.qc.ca\/Eau\/rsvl\/index.htm\"><span style=\"font-weight: 400;\">R\u00e9seau de surveillance volontaire des lacs<\/span><\/a><span style=\"font-weight: 400;\">. Il s\u2019agit d\u2019un programme du minist\u00e8re de l&rsquo;Environnement qui engage activement les riverains de lacs dans l&rsquo;acquisition de connaissances sur la qualit\u00e9 de l&rsquo;eau.<\/span><\/p>\n<p><span style=\"font-weight: 400;\">Les donn\u00e9es collect\u00e9es permettent de<\/span><b> mieux comprendre la dynamique et l&rsquo;\u00e9volution de l\u2019\u00e9tat des lacs du Qu\u00e9bec<\/b><span style=\"font-weight: 400;\">. Elles jouent un r\u00f4le essentiel pour les diff\u00e9rents <\/span><a href=\"https:\/\/robvq.qc.ca\/\"><span style=\"font-weight: 400;\">organismes de bassin versant<\/span><\/a><span style=\"font-weight: 400;\"> et pour les organisations cherchant des solutions pour pr\u00e9server ces plans d\u2019eau.<\/span><\/p>\n<p><span style=\"font-weight: 400;\">Il est cependant important de noter que la surveillance de la qualit\u00e9 des lacs repose encore sur des bases fragiles. Elle d\u00e9pend en grande partie du travail de b\u00e9n\u00e9voles. De plus, ce n&rsquo;est qu&rsquo;une petite fraction des <\/span><b>3,6 millions de plans d&rsquo;eau douce du Qu\u00e9bec<\/b><span style=\"font-weight: 400;\"> qui fait l&rsquo;objet d&rsquo;analyses, et environ 35\u00a0% des lacs inscrits sont dans les Laurentides.<\/span><\/p>\n<p><img loading=\"lazy\" decoding=\"async\" class=\"alignnone size-full wp-image-2450\" src=\"https:\/\/www.fondationdegaspebeaubien.org\/wp-content\/uploads\/2023\/12\/Fondation-de-gaspe-beaubien-blogue-lac-damien-Parc-du-Mont-Tremblant-Canada-1.png\" alt=\"\" width=\"1200\" height=\"300\" srcset=\"https:\/\/www.fondationdegaspebeaubien.org\/wp-content\/uploads\/2023\/12\/Fondation-de-gaspe-beaubien-blogue-lac-damien-Parc-du-Mont-Tremblant-Canada-1.png 1200w, https:\/\/www.fondationdegaspebeaubien.org\/wp-content\/uploads\/2023\/12\/Fondation-de-gaspe-beaubien-blogue-lac-damien-Parc-du-Mont-Tremblant-Canada-1-300x75.png 300w, https:\/\/www.fondationdegaspebeaubien.org\/wp-content\/uploads\/2023\/12\/Fondation-de-gaspe-beaubien-blogue-lac-damien-Parc-du-Mont-Tremblant-Canada-1-1024x256.png 1024w, https:\/\/www.fondationdegaspebeaubien.org\/wp-content\/uploads\/2023\/12\/Fondation-de-gaspe-beaubien-blogue-lac-damien-Parc-du-Mont-Tremblant-Canada-1-768x192.png 768w\" sizes=\"auto, (max-width: 1200px) 100vw, 1200px\" \/><\/p>\n<h2><span style=\"font-weight: 400;\">2. Les menaces qui p\u00e8sent sur les lacs du Qu\u00e9bec<\/span><\/h2>\n<p><span style=\"font-weight: 400;\">Les lacs du Qu\u00e9bec sont confront\u00e9s \u00e0 un ensemble complexe de menaces qui mettent en p\u00e9ril leur fragile \u00e9quilibre. Ces menaces sont vastes et vari\u00e9es. En voici un aper\u00e7u.<\/span><\/p>\n<h2><span style=\"font-weight: 400;\">2.1. Eutrophisation<\/span><\/h2>\n<p><span style=\"font-weight: 400;\">L\u2019<\/span><a href=\"https:\/\/rappel.qc.ca\/fiches-informatives\/eutrophisation\/\"><span style=\"font-weight: 400;\">eutrophisation<\/span><\/a><span style=\"font-weight: 400;\"> est le ph\u00e9nom\u00e8ne par lequel des nutriments s&rsquo;accumulent dans un milieu. C\u2019est un ph\u00e9nom\u00e8ne naturel s&rsquo;\u00e9chelonnant sur des milliers d\u2019ann\u00e9es; il devient probl\u00e9matique lorsqu\u2019il se produit trop rapidement. Il est donc important de distinguer l\u2019eutrophisation naturelle s\u2019\u00e9chelonnant sur des milliers d\u2019ann\u00e9es et l\u2019eutrophisation anthropique se produisant en quelques d\u00e9cennies.<\/span><\/p>\n<p><span style=\"font-weight: 400;\">Le probl\u00e8me de l\u2019eutrophisation anthropique (c\u2019est-\u00e0-dire due aux hommes) se produit lorsque des quantit\u00e9s excessives de nutriments, tels que l&rsquo;azote et le phosphore, sont introduites dans un lac en grande quantit\u00e9 et tr\u00e8s rapidement. G\u00e9n\u00e9ralement, c\u2019est d\u00fb aux activit\u00e9s humaines telles que l&rsquo;agriculture, la d\u00e9forestation, l&rsquo;utilisation de fosses septiques et d&rsquo;engrais pour pelouses.<\/span><\/p>\n<p><img loading=\"lazy\" decoding=\"async\" class=\"size-full wp-image-2455 aligncenter\" src=\"https:\/\/www.fondationdegaspebeaubien.org\/wp-content\/uploads\/2023\/12\/eutrophisation-processus-1.jpeg\" alt=\"Processus d'eutrophisation naturelle vs anthropique\" width=\"500\" height=\"505\" srcset=\"https:\/\/www.fondationdegaspebeaubien.org\/wp-content\/uploads\/2023\/12\/eutrophisation-processus-1.jpeg 500w, https:\/\/www.fondationdegaspebeaubien.org\/wp-content\/uploads\/2023\/12\/eutrophisation-processus-1-297x300.jpeg 297w\" sizes=\"auto, (max-width: 500px) 100vw, 500px\" \/><\/p>\n<p><span style=\"font-weight: 400;\">L&rsquo;eutrophisation engendre une prolif\u00e9ration extr\u00eame de plantes aquatiques, notamment des algues, qui consomment l&rsquo;oxyg\u00e8ne dissous dans l&rsquo;eau. Cela peut entra\u00eener la mort de poissons, de plantes et d&rsquo;autres organismes aquatiques, perturbant ainsi gravement l&rsquo;\u00e9cosyst\u00e8me du lac. <\/span><a href=\"https:\/\/bio.umontreal.ca\/repertoire-departement\/professeurs\/professeur\/in\/in13691\/sg\/Richard%20Carignan\/\"><span style=\"font-weight: 400;\">Richard Carignan, professeur \u00e0 l&rsquo;Universit\u00e9 de Montr\u00e9al<\/span><\/a><span style=\"font-weight: 400;\">, a longuement \u00e9tudi\u00e9 l&rsquo;eutrophisation acc\u00e9l\u00e9r\u00e9e des lacs. Selon lui, environ 10% des lacs du Qu\u00e9bec habit\u00e9s sont touch\u00e9s.\u00a0<\/span><\/p>\n<h2><span style=\"font-weight: 400;\">2.2. Cyanobact\u00e9ries<\/span><\/h2>\n<p><span style=\"font-weight: 400;\">Les <\/span><a href=\"https:\/\/www.environnement.gouv.qc.ca\/eau\/algues-bv\/index.asp\"><span style=\"font-weight: 400;\">cyanobact\u00e9ries<\/span><\/a><span style=\"font-weight: 400;\">, aussi connues sous le nom d&rsquo;algues bleu-vert, repr\u00e9sentent une autre menace s\u00e9rieuse pour les lacs du Qu\u00e9bec. Elles sont particuli\u00e8rement actives quand il y a pr\u00e9sence de nutriments en exc\u00e8s, c\u2019est-\u00e0-dire quand un lac est au stade eutrophe ou hyper-eutrophe.<\/span><\/p>\n<p><span style=\"font-weight: 400;\">Lorsque ces micro-organismes prolif\u00e8rent trop rapidement atteignent des niveaux \u00e9lev\u00e9s, ils peuvent produire des toxines potentiellement dangereuses pour la sant\u00e9 humaine et animale. La baignade et d\u2019autres activit\u00e9s aquatiques ne peuvent plus \u00eatre pratiqu\u00e9es dans ces plans d\u2019eau.\u00a0<\/span><\/p>\n<p><span style=\"font-weight: 400;\">Le nombre de <\/span><a href=\"https:\/\/www.environnement.gouv.qc.ca\/eau\/algues-bv\/identifier-fleurs-eau.htm\"><span style=\"font-weight: 400;\">signalements<\/span><\/a><span style=\"font-weight: 400;\"> pour des cyanobact\u00e9ries faits au Minist\u00e8re de l&rsquo;Environnement par des citoyens est pass\u00e9 de 61 \u00e0 265 entre 2019 et 2021. C\u2019est un bond de 334 % en seulement\u00a0 deux ans. Ces signalements t\u00e9moignent de la pr\u00e9valence croissante des algues bleu-vert dans les lacs du Qu\u00e9bec et de la n\u00e9cessit\u00e9 de mesures pour les contr\u00f4ler.<\/span><\/p>\n<h2><span style=\"font-weight: 400;\">2.3. Eaux us\u00e9es<\/span><\/h2>\n<p><span style=\"font-weight: 400;\">Le probl\u00e8me des eaux us\u00e9es est un autre facteur de d\u00e9t\u00e9rioration des lacs au Qu\u00e9bec. Les infrastructures de gestion des eaux us\u00e9es vieillissantes et inad\u00e9quates peuvent entra\u00eener des d\u00e9versements non trait\u00e9s de mati\u00e8res f\u00e9cales et de produits chimiques dans les lacs, ce qui contribue \u00e0 la pollution de l&rsquo;eau.<\/span><\/p>\n<p><span style=\"font-weight: 400;\">Plusieurs experts demandent des<\/span><a href=\"https:\/\/www.fondationdegaspebeaubien.org\/fr\/investir-dans-eau-est-payant\/\"><span style=\"font-weight: 400;\"> investissements dans la r\u00e9paration et l&rsquo;optimisation de ces infrastructures<\/span><\/a><span style=\"font-weight: 400;\"> pour r\u00e9duire les pertes d\u2019eau potable et les d\u00e9versements d&rsquo;eaux us\u00e9es non trait\u00e9es dans les \u00e9cosyst\u00e8mes. Selon une <\/span><a href=\"https:\/\/reseau-environnement.com\/publications-tech\/estimation-du-retour-sur-investissement-pour-les-infrastructures-en-eau-au-quebec\/\"><span style=\"font-weight: 400;\">\u00e9tude command\u00e9e par R\u00e9seau Environnement<\/span><\/a><span style=\"font-weight: 400;\">, une telle r\u00e9duction engendrerait 324 millions de dollars de profits et limiterait la d\u00e9t\u00e9rioration de l&rsquo;environnement et des eaux partout au Qu\u00e9bec.<\/span><\/p>\n<p><span style=\"font-weight: 400;\">Ce n\u2019est pas seulement une responsabilit\u00e9 municipale. Les propri\u00e9taires ayant des installations septiques sur leur terrain ont le devoir de veiller \u00e0 l\u2019entretien de celles-ci et au respect des normes environnementales. C\u2019est entre autres pourquoi des options de syst\u00e8me de traitement \u00e9coresponsable des eaux us\u00e9es comme <\/span><a href=\"https:\/\/www.premiertechaqua.com\/fr-ca\/installation-septique\/ecoflo\"><span style=\"font-weight: 400;\">\u00c9coflo<\/span><\/a><span style=\"font-weight: 400;\"> sont de plus en plus r\u00e9pandues.<\/span><\/p>\n<h2><span style=\"font-weight: 400;\">3. Cons\u00e9quences de la d\u00e9t\u00e9rioration des lacs du Qu\u00e9bec<\/span><\/h2>\n<p><span style=\"font-weight: 400;\">L\u2019\u00e9tat des lacs du Qu\u00e9bec impacte grandement la qualit\u00e9 de vie de plusieurs esp\u00e8ces, incluant les hommes.\u00a0<\/span><\/p>\n<h3><span style=\"font-weight: 400;\">3.1. Impact sur la biodiversit\u00e9<\/span><\/h3>\n<p><span style=\"font-weight: 400;\">Lorsque l\u2019\u00e9tat des lacs se d\u00e9t\u00e9riore en raison de l&rsquo;eutrophisation, des cyanobact\u00e9ries et d&rsquo;autres facteurs, la biodiversit\u00e9 aquatique est mise en p\u00e9ril. Les esp\u00e8ces de poissons, d&rsquo;invert\u00e9br\u00e9s et de plantes aquatiques qui peuplent ces \u00e9cosyst\u00e8mes souffrent du manque d&rsquo;oxyg\u00e8ne ou de la pr\u00e9sence de toxines produites par les cyanobact\u00e9ries.<\/span><\/p>\n<h3><span style=\"font-weight: 400;\">3.2. R\u00e9percussions sur les communaut\u00e9s locales<\/span><\/h3>\n<p><span style=\"font-weight: 400;\">La qualit\u00e9 de vie des communaut\u00e9s locales est \u00e9troitement li\u00e9e \u00e0 la sant\u00e9 des lacs. Les populations riveraines sont affect\u00e9es de diff\u00e9rentes mani\u00e8res. L\u2019\u00e9tat des lacs peut rendre la baignade et la p\u00eache moins agr\u00e9ables, voire impossibles. Les cyanobact\u00e9ries peuvent produire des toxines causant des irritations de la peau, des yeux et de la gorge. Si elle est aval\u00e9e, l\u2019eau contamin\u00e9e peut causer des maux de ventre, de la fi\u00e8vre, de la diarrh\u00e9e et des vomissements.<\/span><\/p>\n<p><img loading=\"lazy\" decoding=\"async\" class=\"alignnone size-full wp-image-2452\" src=\"https:\/\/www.fondationdegaspebeaubien.org\/wp-content\/uploads\/2023\/12\/Fondation-de-gaspe-beaubien-blogue-1200x300-Gatineau-River-Quebec-Canada-1-1.png\" alt=\"La d\u00e9t\u00e9rioration de l'\u00e9tat des lacs du Qu\u00e9bec impacte les communaut\u00e9s locales, les loisirs et l'\u00e9conomie.\" width=\"1200\" height=\"300\" srcset=\"https:\/\/www.fondationdegaspebeaubien.org\/wp-content\/uploads\/2023\/12\/Fondation-de-gaspe-beaubien-blogue-1200x300-Gatineau-River-Quebec-Canada-1-1.png 1200w, https:\/\/www.fondationdegaspebeaubien.org\/wp-content\/uploads\/2023\/12\/Fondation-de-gaspe-beaubien-blogue-1200x300-Gatineau-River-Quebec-Canada-1-1-300x75.png 300w, https:\/\/www.fondationdegaspebeaubien.org\/wp-content\/uploads\/2023\/12\/Fondation-de-gaspe-beaubien-blogue-1200x300-Gatineau-River-Quebec-Canada-1-1-1024x256.png 1024w, https:\/\/www.fondationdegaspebeaubien.org\/wp-content\/uploads\/2023\/12\/Fondation-de-gaspe-beaubien-blogue-1200x300-Gatineau-River-Quebec-Canada-1-1-768x192.png 768w\" sizes=\"auto, (max-width: 1200px) 100vw, 1200px\" \/><\/p>\n<h3><span style=\"font-weight: 400;\">3.3. Impact \u00e9conomique<\/span><\/h3>\n<p><span style=\"font-weight: 400;\">Outre les cons\u00e9quences environnementales et sociales, la d\u00e9t\u00e9rioration des lacs a \u00e9galement un impact \u00e9conomique significatif. L&rsquo;effondrement des industries li\u00e9es aux lacs, comme la p\u00eache et le tourisme, peut entra\u00eener la perte d&#8217;emplois et de revenus pour plusieurs personnes.<\/span><\/p>\n<p><span style=\"font-weight: 400;\">L&rsquo;attrait des propri\u00e9t\u00e9s riveraines est aussi touch\u00e9. <\/span><a href=\"https:\/\/www.qub.ca\/article\/pires-lacs-du-quebec-cauchemars-financiers-pres-des-lacs-en-mauvais-etat-1074182289\"><span style=\"font-weight: 400;\">Certains propri\u00e9taires ont vu la valeur de leur r\u00e9sidence chuter jusqu&rsquo;\u00e0 25 %<\/span><\/a><span style=\"font-weight: 400;\"> en raison de la mauvaise sant\u00e9 de leur lac voisin.<\/span><\/p>\n<p style=\"text-align: center;\"><a href=\"https:\/\/www.fondationdegaspebeaubien.org\/fr\/consequences-de-la-pollution-de-leau-comprendre-pour-agir\/\"><span style=\"font-weight: 400;\">Apprenez-en plus sur les cons\u00e9quences de la pollution de l\u2019eau.<\/span><\/a><\/p>\n<h2><span style=\"font-weight: 400;\">Agir pour am\u00e9liorer l\u2019\u00e9tat des lacs du Qu\u00e9bec<\/span><\/h2>\n<p><span style=\"font-weight: 400;\">Tous les niveaux de gouvernements ont un r\u00f4le \u00e0 jouer dans la protection des lacs et de l\u2019eau. Cela passe par des investissements dans la surveillance, la r\u00e9habilitation des infrastructures et la mise en place de politiques de protection des bassins versants. C\u2019est notamment <\/span><a href=\"https:\/\/www.fondationdegaspebeaubien.org\/fr\/defendre-sante-eau-douce-avec-coalition-canadienne-pour-des-eaux-saines\/\"><span style=\"font-weight: 400;\">ce que la Coalition canadienne pour des eaux saines demande<\/span><\/a><span style=\"font-weight: 400;\">. La protection de ces pr\u00e9cieux \u00e9cosyst\u00e8mes est une responsabilit\u00e9 partag\u00e9e. Chacun de nous peut <\/span><a href=\"https:\/\/www.fondationdegaspebeaubien.org\/fr\/comment-contribuer-a-la-preservation-de-leau-douce\/\"><span style=\"font-weight: 400;\">contribuer \u00e0 la pr\u00e9servation de l\u2019eau de nombreuses fa\u00e7ons<\/span><\/a><span style=\"font-weight: 400;\">.<\/span><\/p>\n<p style=\"text-align: center;\"><span style=\"font-weight: 400;\">\u00ab\u00a0Les lacs du Qu\u00e9bec et du Canada sont un tr\u00e9sor naturel inestimable qui m\u00e9rite d&rsquo;\u00eatre prot\u00e9g\u00e9 pour les g\u00e9n\u00e9rations futures. Il est temps d&rsquo;agir collectivement pour assurer la sant\u00e9 et la p\u00e9rennit\u00e9 de ces \u00e9cosyst\u00e8mes vitaux.\u00a0\u00bb &#8211; Nan-B de Gasp\u00e9 Beaubien<\/span><\/p>\n","protected":false},"excerpt":{"rendered":"<p>Le Qu\u00e9bec est parsem\u00e9 de lacs et d\u2019\u00e9tendues d\u2019eau. Non seulement ils offrent des paysages \u00e0 couper le souffle, mais ils jouent aussi un r\u00f4le vital dans l&rsquo;\u00e9quilibre \u00e9cologique et \u00e9conomique de plusieurs r\u00e9gions. Depuis quelques ann\u00e9es, l\u2019\u00e9tat des lacs du Qu\u00e9bec semble devenir de plus en plus pr\u00e9occupant. Qu\u2019en est-il r\u00e9ellement de la sant\u00e9 [&hellip;]<\/p>\n","protected":false},"author":1,"featured_media":2454,"comment_status":"open","ping_status":"open","sticky":false,"template":"","format":"standard","meta":{"_acf_changed":false,"footnotes":""},"categories":[112],"tags":[],"class_list":["post-2443","post","type-post","status-publish","format-standard","has-post-thumbnail","hentry","category-aquaaction"],"acf":[],"yoast_head":"<!-- This site is optimized with the Yoast SEO plugin v27.3 - https:\/\/yoast.com\/product\/yoast-seo-wordpress\/ -->\n<title>L\u2019\u00e9tat des lacs du Qu\u00e9bec expliqu\u00e9 - Fondation de Gasp\u00e9 Beaubien<\/title>\n<meta name=\"description\" content=\"Depuis quelques ann\u00e9es, l\u2019\u00e9tat des lacs du Qu\u00e9bec devient de plus en plus pr\u00e9occupant. Quelle est la r\u00e9alit\u00e9 de ces pr\u00e9cieux \u00e9cosyst\u00e8mes?\" \/>\n<meta name=\"robots\" content=\"index, follow, max-snippet:-1, max-image-preview:large, max-video-preview:-1\" \/>\n<link rel=\"canonical\" href=\"https:\/\/www.fondationdegaspebeaubien.org\/fr\/etat-des-lacs-du-quebec-explique\/\" \/>\n<meta property=\"og:locale\" content=\"fr_FR\" \/>\n<meta property=\"og:type\" content=\"article\" \/>\n<meta property=\"og:title\" content=\"L\u2019\u00e9tat des lacs du Qu\u00e9bec expliqu\u00e9 - Fondation de Gasp\u00e9 Beaubien\" \/>\n<meta property=\"og:description\" content=\"Depuis quelques ann\u00e9es, l\u2019\u00e9tat des lacs du Qu\u00e9bec devient de plus en plus pr\u00e9occupant. Quelle est la r\u00e9alit\u00e9 de ces pr\u00e9cieux \u00e9cosyst\u00e8mes?\" \/>\n<meta property=\"og:url\" content=\"https:\/\/www.fondationdegaspebeaubien.org\/fr\/etat-des-lacs-du-quebec-explique\/\" \/>\n<meta property=\"og:site_name\" content=\"Fondation de Gasp\u00e9 Beaubien\" \/>\n<meta property=\"article:published_time\" content=\"2023-12-14T12:15:55+00:00\" \/>\n<meta property=\"og:image\" content=\"https:\/\/www.fondationdegaspebeaubien.org\/wp-content\/uploads\/2023\/12\/Jacques-Cartier-National-Park-Quebec-Canada-alice-triquet-HeEJU3nrg_0-unsplash-1.png\" \/>\n\t<meta property=\"og:image:width\" content=\"1300\" \/>\n\t<meta property=\"og:image:height\" content=\"820\" \/>\n\t<meta property=\"og:image:type\" content=\"image\/png\" \/>\n<meta name=\"author\" content=\"smartbugmedia\" \/>\n<meta name=\"twitter:card\" content=\"summary_large_image\" \/>\n<meta name=\"twitter:label1\" content=\"\u00c9crit par\" \/>\n\t<meta name=\"twitter:data1\" content=\"smartbugmedia\" \/>\n\t<meta name=\"twitter:label2\" content=\"Dur\u00e9e de lecture estim\u00e9e\" \/>\n\t<meta name=\"twitter:data2\" content=\"7 minutes\" \/>\n<script type=\"application\/ld+json\" class=\"yoast-schema-graph\">{\"@context\":\"https:\\\/\\\/schema.org\",\"@graph\":[{\"@type\":\"Article\",\"@id\":\"https:\\\/\\\/www.fondationdegaspebeaubien.org\\\/fr\\\/etat-des-lacs-du-quebec-explique\\\/#article\",\"isPartOf\":{\"@id\":\"https:\\\/\\\/www.fondationdegaspebeaubien.org\\\/fr\\\/etat-des-lacs-du-quebec-explique\\\/\"},\"author\":{\"name\":\"smartbugmedia\",\"@id\":\"https:\\\/\\\/www.fondationdegaspebeaubien.org\\\/en\\\/#\\\/schema\\\/person\\\/e84c883213d8e6cb00f1775074c74263\"},\"headline\":\"L\u2019\u00e9tat des lacs du Qu\u00e9bec expliqu\u00e9\",\"datePublished\":\"2023-12-14T12:15:55+00:00\",\"mainEntityOfPage\":{\"@id\":\"https:\\\/\\\/www.fondationdegaspebeaubien.org\\\/fr\\\/etat-des-lacs-du-quebec-explique\\\/\"},\"wordCount\":1348,\"commentCount\":0,\"image\":{\"@id\":\"https:\\\/\\\/www.fondationdegaspebeaubien.org\\\/fr\\\/etat-des-lacs-du-quebec-explique\\\/#primaryimage\"},\"thumbnailUrl\":\"https:\\\/\\\/www.fondationdegaspebeaubien.org\\\/wp-content\\\/uploads\\\/2023\\\/12\\\/Jacques-Cartier-National-Park-Quebec-Canada-alice-triquet-HeEJU3nrg_0-unsplash-1.png\",\"articleSection\":[\"AquaAction\"],\"inLanguage\":\"fr-FR\",\"potentialAction\":[{\"@type\":\"CommentAction\",\"name\":\"Comment\",\"target\":[\"https:\\\/\\\/www.fondationdegaspebeaubien.org\\\/fr\\\/etat-des-lacs-du-quebec-explique\\\/#respond\"]}]},{\"@type\":\"WebPage\",\"@id\":\"https:\\\/\\\/www.fondationdegaspebeaubien.org\\\/fr\\\/etat-des-lacs-du-quebec-explique\\\/\",\"url\":\"https:\\\/\\\/www.fondationdegaspebeaubien.org\\\/fr\\\/etat-des-lacs-du-quebec-explique\\\/\",\"name\":\"L\u2019\u00e9tat des lacs du Qu\u00e9bec expliqu\u00e9 - Fondation de Gasp\u00e9 Beaubien\",\"isPartOf\":{\"@id\":\"https:\\\/\\\/www.fondationdegaspebeaubien.org\\\/en\\\/#website\"},\"primaryImageOfPage\":{\"@id\":\"https:\\\/\\\/www.fondationdegaspebeaubien.org\\\/fr\\\/etat-des-lacs-du-quebec-explique\\\/#primaryimage\"},\"image\":{\"@id\":\"https:\\\/\\\/www.fondationdegaspebeaubien.org\\\/fr\\\/etat-des-lacs-du-quebec-explique\\\/#primaryimage\"},\"thumbnailUrl\":\"https:\\\/\\\/www.fondationdegaspebeaubien.org\\\/wp-content\\\/uploads\\\/2023\\\/12\\\/Jacques-Cartier-National-Park-Quebec-Canada-alice-triquet-HeEJU3nrg_0-unsplash-1.png\",\"datePublished\":\"2023-12-14T12:15:55+00:00\",\"author\":{\"@id\":\"https:\\\/\\\/www.fondationdegaspebeaubien.org\\\/en\\\/#\\\/schema\\\/person\\\/e84c883213d8e6cb00f1775074c74263\"},\"description\":\"Depuis quelques ann\u00e9es, l\u2019\u00e9tat des lacs du Qu\u00e9bec devient de plus en plus pr\u00e9occupant. Quelle est la r\u00e9alit\u00e9 de ces pr\u00e9cieux \u00e9cosyst\u00e8mes?\",\"breadcrumb\":{\"@id\":\"https:\\\/\\\/www.fondationdegaspebeaubien.org\\\/fr\\\/etat-des-lacs-du-quebec-explique\\\/#breadcrumb\"},\"inLanguage\":\"fr-FR\",\"potentialAction\":[{\"@type\":\"ReadAction\",\"target\":[\"https:\\\/\\\/www.fondationdegaspebeaubien.org\\\/fr\\\/etat-des-lacs-du-quebec-explique\\\/\"]}]},{\"@type\":\"ImageObject\",\"inLanguage\":\"fr-FR\",\"@id\":\"https:\\\/\\\/www.fondationdegaspebeaubien.org\\\/fr\\\/etat-des-lacs-du-quebec-explique\\\/#primaryimage\",\"url\":\"https:\\\/\\\/www.fondationdegaspebeaubien.org\\\/wp-content\\\/uploads\\\/2023\\\/12\\\/Jacques-Cartier-National-Park-Quebec-Canada-alice-triquet-HeEJU3nrg_0-unsplash-1.png\",\"contentUrl\":\"https:\\\/\\\/www.fondationdegaspebeaubien.org\\\/wp-content\\\/uploads\\\/2023\\\/12\\\/Jacques-Cartier-National-Park-Quebec-Canada-alice-triquet-HeEJU3nrg_0-unsplash-1.png\",\"width\":1300,\"height\":820,\"caption\":\"Depuis quelques ann\u00e9es, l\u2019\u00e9tat des lacs du Qu\u00e9bec semble devenir de plus en plus pr\u00e9occupant.\"},{\"@type\":\"BreadcrumbList\",\"@id\":\"https:\\\/\\\/www.fondationdegaspebeaubien.org\\\/fr\\\/etat-des-lacs-du-quebec-explique\\\/#breadcrumb\",\"itemListElement\":[{\"@type\":\"ListItem\",\"position\":1,\"name\":\"Home\",\"item\":\"https:\\\/\\\/www.fondationdegaspebeaubien.org\\\/fr\\\/\"},{\"@type\":\"ListItem\",\"position\":2,\"name\":\"L\u2019\u00e9tat des lacs du Qu\u00e9bec expliqu\u00e9\"}]},{\"@type\":\"WebSite\",\"@id\":\"https:\\\/\\\/www.fondationdegaspebeaubien.org\\\/en\\\/#website\",\"url\":\"https:\\\/\\\/www.fondationdegaspebeaubien.org\\\/en\\\/\",\"name\":\"Fondation de Gasp\u00e9 Beaubien\",\"description\":\"Appuyer le changement au sein de la communaut\u00e9\",\"potentialAction\":[{\"@type\":\"SearchAction\",\"target\":{\"@type\":\"EntryPoint\",\"urlTemplate\":\"https:\\\/\\\/www.fondationdegaspebeaubien.org\\\/en\\\/?s={search_term_string}\"},\"query-input\":{\"@type\":\"PropertyValueSpecification\",\"valueRequired\":true,\"valueName\":\"search_term_string\"}}],\"inLanguage\":\"fr-FR\"},{\"@type\":\"Person\",\"@id\":\"https:\\\/\\\/www.fondationdegaspebeaubien.org\\\/en\\\/#\\\/schema\\\/person\\\/e84c883213d8e6cb00f1775074c74263\",\"name\":\"smartbugmedia\",\"image\":{\"@type\":\"ImageObject\",\"inLanguage\":\"fr-FR\",\"@id\":\"https:\\\/\\\/secure.gravatar.com\\\/avatar\\\/97b857c2b07334a0c01d0a4c9531e3bbfbced011ed68c984b0e56002a21bde47?s=96&d=mm&r=g\",\"url\":\"https:\\\/\\\/secure.gravatar.com\\\/avatar\\\/97b857c2b07334a0c01d0a4c9531e3bbfbced011ed68c984b0e56002a21bde47?s=96&d=mm&r=g\",\"contentUrl\":\"https:\\\/\\\/secure.gravatar.com\\\/avatar\\\/97b857c2b07334a0c01d0a4c9531e3bbfbced011ed68c984b0e56002a21bde47?s=96&d=mm&r=g\",\"caption\":\"smartbugmedia\"},\"url\":\"https:\\\/\\\/www.fondationdegaspebeaubien.org\\\/fr\\\/author\\\/cms\\\/\"}]}<\/script>\n<!-- \/ Yoast SEO plugin. -->","yoast_head_json":{"title":"L\u2019\u00e9tat des lacs du Qu\u00e9bec expliqu\u00e9 - Fondation de Gasp\u00e9 Beaubien","description":"Depuis quelques ann\u00e9es, l\u2019\u00e9tat des lacs du Qu\u00e9bec devient de plus en plus pr\u00e9occupant. Quelle est la r\u00e9alit\u00e9 de ces pr\u00e9cieux \u00e9cosyst\u00e8mes?","robots":{"index":"index","follow":"follow","max-snippet":"max-snippet:-1","max-image-preview":"max-image-preview:large","max-video-preview":"max-video-preview:-1"},"canonical":"https:\/\/www.fondationdegaspebeaubien.org\/fr\/etat-des-lacs-du-quebec-explique\/","og_locale":"fr_FR","og_type":"article","og_title":"L\u2019\u00e9tat des lacs du Qu\u00e9bec expliqu\u00e9 - Fondation de Gasp\u00e9 Beaubien","og_description":"Depuis quelques ann\u00e9es, l\u2019\u00e9tat des lacs du Qu\u00e9bec devient de plus en plus pr\u00e9occupant. Quelle est la r\u00e9alit\u00e9 de ces pr\u00e9cieux \u00e9cosyst\u00e8mes?","og_url":"https:\/\/www.fondationdegaspebeaubien.org\/fr\/etat-des-lacs-du-quebec-explique\/","og_site_name":"Fondation de Gasp\u00e9 Beaubien","article_published_time":"2023-12-14T12:15:55+00:00","og_image":[{"width":1300,"height":820,"url":"https:\/\/www.fondationdegaspebeaubien.org\/wp-content\/uploads\/2023\/12\/Jacques-Cartier-National-Park-Quebec-Canada-alice-triquet-HeEJU3nrg_0-unsplash-1.png","type":"image\/png"}],"author":"smartbugmedia","twitter_card":"summary_large_image","twitter_misc":{"\u00c9crit par":"smartbugmedia","Dur\u00e9e de lecture estim\u00e9e":"7 minutes"},"schema":{"@context":"https:\/\/schema.org","@graph":[{"@type":"Article","@id":"https:\/\/www.fondationdegaspebeaubien.org\/fr\/etat-des-lacs-du-quebec-explique\/#article","isPartOf":{"@id":"https:\/\/www.fondationdegaspebeaubien.org\/fr\/etat-des-lacs-du-quebec-explique\/"},"author":{"name":"smartbugmedia","@id":"https:\/\/www.fondationdegaspebeaubien.org\/en\/#\/schema\/person\/e84c883213d8e6cb00f1775074c74263"},"headline":"L\u2019\u00e9tat des lacs du Qu\u00e9bec expliqu\u00e9","datePublished":"2023-12-14T12:15:55+00:00","mainEntityOfPage":{"@id":"https:\/\/www.fondationdegaspebeaubien.org\/fr\/etat-des-lacs-du-quebec-explique\/"},"wordCount":1348,"commentCount":0,"image":{"@id":"https:\/\/www.fondationdegaspebeaubien.org\/fr\/etat-des-lacs-du-quebec-explique\/#primaryimage"},"thumbnailUrl":"https:\/\/www.fondationdegaspebeaubien.org\/wp-content\/uploads\/2023\/12\/Jacques-Cartier-National-Park-Quebec-Canada-alice-triquet-HeEJU3nrg_0-unsplash-1.png","articleSection":["AquaAction"],"inLanguage":"fr-FR","potentialAction":[{"@type":"CommentAction","name":"Comment","target":["https:\/\/www.fondationdegaspebeaubien.org\/fr\/etat-des-lacs-du-quebec-explique\/#respond"]}]},{"@type":"WebPage","@id":"https:\/\/www.fondationdegaspebeaubien.org\/fr\/etat-des-lacs-du-quebec-explique\/","url":"https:\/\/www.fondationdegaspebeaubien.org\/fr\/etat-des-lacs-du-quebec-explique\/","name":"L\u2019\u00e9tat des lacs du Qu\u00e9bec expliqu\u00e9 - Fondation de Gasp\u00e9 Beaubien","isPartOf":{"@id":"https:\/\/www.fondationdegaspebeaubien.org\/en\/#website"},"primaryImageOfPage":{"@id":"https:\/\/www.fondationdegaspebeaubien.org\/fr\/etat-des-lacs-du-quebec-explique\/#primaryimage"},"image":{"@id":"https:\/\/www.fondationdegaspebeaubien.org\/fr\/etat-des-lacs-du-quebec-explique\/#primaryimage"},"thumbnailUrl":"https:\/\/www.fondationdegaspebeaubien.org\/wp-content\/uploads\/2023\/12\/Jacques-Cartier-National-Park-Quebec-Canada-alice-triquet-HeEJU3nrg_0-unsplash-1.png","datePublished":"2023-12-14T12:15:55+00:00","author":{"@id":"https:\/\/www.fondationdegaspebeaubien.org\/en\/#\/schema\/person\/e84c883213d8e6cb00f1775074c74263"},"description":"Depuis quelques ann\u00e9es, l\u2019\u00e9tat des lacs du Qu\u00e9bec devient de plus en plus pr\u00e9occupant. Quelle est la r\u00e9alit\u00e9 de ces pr\u00e9cieux \u00e9cosyst\u00e8mes?","breadcrumb":{"@id":"https:\/\/www.fondationdegaspebeaubien.org\/fr\/etat-des-lacs-du-quebec-explique\/#breadcrumb"},"inLanguage":"fr-FR","potentialAction":[{"@type":"ReadAction","target":["https:\/\/www.fondationdegaspebeaubien.org\/fr\/etat-des-lacs-du-quebec-explique\/"]}]},{"@type":"ImageObject","inLanguage":"fr-FR","@id":"https:\/\/www.fondationdegaspebeaubien.org\/fr\/etat-des-lacs-du-quebec-explique\/#primaryimage","url":"https:\/\/www.fondationdegaspebeaubien.org\/wp-content\/uploads\/2023\/12\/Jacques-Cartier-National-Park-Quebec-Canada-alice-triquet-HeEJU3nrg_0-unsplash-1.png","contentUrl":"https:\/\/www.fondationdegaspebeaubien.org\/wp-content\/uploads\/2023\/12\/Jacques-Cartier-National-Park-Quebec-Canada-alice-triquet-HeEJU3nrg_0-unsplash-1.png","width":1300,"height":820,"caption":"Depuis quelques ann\u00e9es, l\u2019\u00e9tat des lacs du Qu\u00e9bec semble devenir de plus en plus pr\u00e9occupant."},{"@type":"BreadcrumbList","@id":"https:\/\/www.fondationdegaspebeaubien.org\/fr\/etat-des-lacs-du-quebec-explique\/#breadcrumb","itemListElement":[{"@type":"ListItem","position":1,"name":"Home","item":"https:\/\/www.fondationdegaspebeaubien.org\/fr\/"},{"@type":"ListItem","position":2,"name":"L\u2019\u00e9tat des lacs du Qu\u00e9bec expliqu\u00e9"}]},{"@type":"WebSite","@id":"https:\/\/www.fondationdegaspebeaubien.org\/en\/#website","url":"https:\/\/www.fondationdegaspebeaubien.org\/en\/","name":"Fondation de Gasp\u00e9 Beaubien","description":"Appuyer le changement au sein de la communaut\u00e9","potentialAction":[{"@type":"SearchAction","target":{"@type":"EntryPoint","urlTemplate":"https:\/\/www.fondationdegaspebeaubien.org\/en\/?s={search_term_string}"},"query-input":{"@type":"PropertyValueSpecification","valueRequired":true,"valueName":"search_term_string"}}],"inLanguage":"fr-FR"},{"@type":"Person","@id":"https:\/\/www.fondationdegaspebeaubien.org\/en\/#\/schema\/person\/e84c883213d8e6cb00f1775074c74263","name":"smartbugmedia","image":{"@type":"ImageObject","inLanguage":"fr-FR","@id":"https:\/\/secure.gravatar.com\/avatar\/97b857c2b07334a0c01d0a4c9531e3bbfbced011ed68c984b0e56002a21bde47?s=96&d=mm&r=g","url":"https:\/\/secure.gravatar.com\/avatar\/97b857c2b07334a0c01d0a4c9531e3bbfbced011ed68c984b0e56002a21bde47?s=96&d=mm&r=g","contentUrl":"https:\/\/secure.gravatar.com\/avatar\/97b857c2b07334a0c01d0a4c9531e3bbfbced011ed68c984b0e56002a21bde47?s=96&d=mm&r=g","caption":"smartbugmedia"},"url":"https:\/\/www.fondationdegaspebeaubien.org\/fr\/author\/cms\/"}]}},"_links":{"self":[{"href":"https:\/\/www.fondationdegaspebeaubien.org\/fr\/wp-json\/wp\/v2\/posts\/2443","targetHints":{"allow":["GET"]}}],"collection":[{"href":"https:\/\/www.fondationdegaspebeaubien.org\/fr\/wp-json\/wp\/v2\/posts"}],"about":[{"href":"https:\/\/www.fondationdegaspebeaubien.org\/fr\/wp-json\/wp\/v2\/types\/post"}],"author":[{"embeddable":true,"href":"https:\/\/www.fondationdegaspebeaubien.org\/fr\/wp-json\/wp\/v2\/users\/1"}],"replies":[{"embeddable":true,"href":"https:\/\/www.fondationdegaspebeaubien.org\/fr\/wp-json\/wp\/v2\/comments?post=2443"}],"version-history":[{"count":3,"href":"https:\/\/www.fondationdegaspebeaubien.org\/fr\/wp-json\/wp\/v2\/posts\/2443\/revisions"}],"predecessor-version":[{"id":2458,"href":"https:\/\/www.fondationdegaspebeaubien.org\/fr\/wp-json\/wp\/v2\/posts\/2443\/revisions\/2458"}],"wp:featuredmedia":[{"embeddable":true,"href":"https:\/\/www.fondationdegaspebeaubien.org\/fr\/wp-json\/wp\/v2\/media\/2454"}],"wp:attachment":[{"href":"https:\/\/www.fondationdegaspebeaubien.org\/fr\/wp-json\/wp\/v2\/media?parent=2443"}],"wp:term":[{"taxonomy":"category","embeddable":true,"href":"https:\/\/www.fondationdegaspebeaubien.org\/fr\/wp-json\/wp\/v2\/categories?post=2443"},{"taxonomy":"post_tag","embeddable":true,"href":"https:\/\/www.fondationdegaspebeaubien.org\/fr\/wp-json\/wp\/v2\/tags?post=2443"}],"curies":[{"name":"wp","href":"https:\/\/api.w.org\/{rel}","templated":true}]}}