{"id":70,"date":"2013-11-08T18:41:00","date_gmt":"2013-11-08T17:41:00","guid":{"rendered":"http:\/\/blogue.fondationdegaspebeaubien.org\/?p=70"},"modified":"2019-09-13T08:24:09","modified_gmt":"2019-09-13T12:24:09","slug":"revue-de-presse-du-projet-mission-riviere","status":"publish","type":"post","link":"https:\/\/www.fondationdegaspebeaubien.org\/fr\/revue-de-presse-du-projet-mission-riviere\/","title":{"rendered":"Revue de presse du projet Mission Rivi\u00e8re"},"content":{"rendered":"<p>Le projet Mission rivi\u00e8re ayant pour but d&rsquo;am\u00e9liorer la qualit\u00e9 de l&rsquo;eau de la rivi\u00e8re des outaouais dans la r\u00e9gion d&rsquo;Ottawa et de Gatineau est tr\u00e8s actif au pr\u00e8s de la population.<br \/>\nVoici la liste des retomb\u00e9es m\u00e9diatiques jusqu&rsquo;\u00e0 ce jour sur ce projet.<\/p>\n<ul>\n<li><a href=\"http:\/\/www.ottawacitizen.com\/Ottawa+River+reveals+mussels\/9039682\/story.html\" target=\"_blank\" rel=\"noopener noreferrer\">La rivi\u00e8re des outaouais rec\u00e8le de moules, dont une esp\u00e8ce tr\u00e8s rare<\/a>.<\/li>\n<li><a href=\"http:\/\/ecowatch.com\/2013\/10\/15\/ottawa-river-expedition-shines-spotlight-on-water-advocates\/\" target=\"_blank\" rel=\"noopener noreferrer\">Pr\u00e9sentation du projet de 3 documentaires d&rsquo;Alexandra Cousteau<\/a><\/li>\n<li><a href=\"http:\/\/www.radio-canada.ca\/regions\/ottawa\/2013\/09\/23\/003-mission-riviere-bilan-outaouais.shtml\" target=\"_blank\" rel=\"noopener noreferrer\">Bilan sur l&rsquo;exp\u00e9dition d&rsquo;Alexandra Cousteau sur la rivi\u00e8re des outaouais<\/a><\/li>\n<li><a href=\"http:\/\/www.radio-canada.ca\/audio-video\/pop.shtml#urlMedia=http:\/\/www.radio-canada.ca\/Medianet\/2013\/CBOF\/001a2af6_20130923_082211.asx\" target=\"_blank\" rel=\"noopener noreferrer\">Entrevue de Dominique Monchamp avec Carl Bernier<\/a><\/li>\n<li><a href=\"http:\/\/ottawariverkeeper.ca\/news\/media_release_citizen_scientists_to_test_ottawa_river_water\/\" target=\"_blank\" rel=\"noopener noreferrer\">Des citoyens d&rsquo;Ottawa et de Gatineau font des tests sur la rivi\u00e8re des outaouais<\/a><\/li>\n<li><a href=\"http:\/\/www.radio-canada.ca\/regions\/ottawa\/2013\/08\/07\/004-mission-riviere-gaspe-beaubien-retour.shtml\" target=\"_blank\" rel=\"noopener noreferrer\">D\u00e9part de l&rsquo;exp\u00e9dition\u00a0<\/a><\/li>\n<li><a href=\"http:\/\/www.ottawasun.com\/2013\/07\/12\/cousteau-lending-name-to-mission-to-save-ottawa-river\" target=\"_blank\" rel=\"noopener noreferrer\">Annonce de la participation d&rsquo;Alexandra Cousteau au projte<\/a><a href=\"http:\/\/www.ottawasun.com\/2013\/07\/12\/cousteau-lending-name-to-mission-to-save-ottawa-river\" target=\"_blank\" rel=\"noopener noreferrer\">t<\/a><\/li>\n<li><a href=\"http:\/\/metronews.ca\/news\/ottawa\/736373\/jacques-cousteaus-granddaughter-joins-ottawa-riverkeeper-in-conservation-effort\/\" target=\"_blank\" rel=\"noopener noreferrer\">Annonce de l&rsquo;implication d&rsquo;Alexandra Cousteau dans le porjet Mission rivi\u00e8re<\/a>.<\/li>\n<\/ul>\n","protected":false},"excerpt":{"rendered":"<p>Le projet Mission rivi\u00e8re ayant pour but d&rsquo;am\u00e9liorer la qualit\u00e9 de l&rsquo;eau de la rivi\u00e8re des outaouais dans la r\u00e9gion d&rsquo;Ottawa et de Gatineau est tr\u00e8s actif au pr\u00e8s de la population. Voici la liste des retomb\u00e9es m\u00e9diatiques jusqu&rsquo;\u00e0 ce jour sur ce projet. La rivi\u00e8re des outaouais rec\u00e8le de moules, dont une esp\u00e8ce tr\u00e8s [&hellip;]<\/p>\n","protected":false},"author":4,"featured_media":1033,"comment_status":"open","ping_status":"open","sticky":false,"template":"","format":"standard","meta":{"_acf_changed":false,"footnotes":""},"categories":[1],"tags":[],"class_list":["post-70","post","type-post","status-publish","format-standard","has-post-thumbnail","hentry","category-club-des-intrapreneurs"],"acf":[],"yoast_head":"<!-- This site is optimized with the Yoast SEO plugin v27.3 - https:\/\/yoast.com\/product\/yoast-seo-wordpress\/ -->\n<title>Revue de presse du projet Mission Rivi\u00e8re - Fondation de Gasp\u00e9 Beaubien<\/title>\n<meta name=\"robots\" content=\"index, follow, max-snippet:-1, max-image-preview:large, max-video-preview:-1\" \/>\n<link rel=\"canonical\" href=\"https:\/\/www.fondationdegaspebeaubien.org\/fr\/revue-de-presse-du-projet-mission-riviere\/\" \/>\n<meta property=\"og:locale\" content=\"fr_FR\" \/>\n<meta property=\"og:type\" content=\"article\" \/>\n<meta property=\"og:title\" content=\"Revue de presse du projet Mission Rivi\u00e8re - Fondation de Gasp\u00e9 Beaubien\" \/>\n<meta property=\"og:description\" content=\"Le projet Mission rivi\u00e8re ayant pour but d&rsquo;am\u00e9liorer la qualit\u00e9 de l&rsquo;eau de la rivi\u00e8re des outaouais dans la r\u00e9gion d&rsquo;Ottawa et de Gatineau est tr\u00e8s actif au pr\u00e8s de la population. Voici la liste des retomb\u00e9es m\u00e9diatiques jusqu&rsquo;\u00e0 ce jour sur ce projet. La rivi\u00e8re des outaouais rec\u00e8le de moules, dont une esp\u00e8ce tr\u00e8s [&hellip;]\" \/>\n<meta property=\"og:url\" content=\"https:\/\/www.fondationdegaspebeaubien.org\/fr\/revue-de-presse-du-projet-mission-riviere\/\" \/>\n<meta property=\"og:site_name\" content=\"Fondation de Gasp\u00e9 Beaubien\" \/>\n<meta property=\"article:published_time\" content=\"2013-11-08T17:41:00+00:00\" \/>\n<meta property=\"article:modified_time\" content=\"2019-09-13T12:24:09+00:00\" \/>\n<meta property=\"og:image\" content=\"https:\/\/www.fondationdegaspebeaubien.org\/wp-content\/uploads\/2015\/04\/Aidan_et_Colin-1408734542-MM-600x0.jpg\" \/>\n\t<meta property=\"og:image:width\" content=\"600\" \/>\n\t<meta property=\"og:image:height\" content=\"450\" \/>\n\t<meta property=\"og:image:type\" content=\"image\/jpeg\" \/>\n<meta name=\"author\" content=\"globalia\" \/>\n<meta name=\"twitter:card\" content=\"summary_large_image\" \/>\n<meta name=\"twitter:label1\" content=\"\u00c9crit par\" \/>\n\t<meta name=\"twitter:data1\" content=\"globalia\" \/>\n\t<meta name=\"twitter:label2\" content=\"Dur\u00e9e de lecture estim\u00e9e\" \/>\n\t<meta name=\"twitter:data2\" content=\"1 minute\" \/>\n<script type=\"application\/ld+json\" class=\"yoast-schema-graph\">{\"@context\":\"https:\\\/\\\/schema.org\",\"@graph\":[{\"@type\":\"Article\",\"@id\":\"https:\\\/\\\/www.fondationdegaspebeaubien.org\\\/fr\\\/revue-de-presse-du-projet-mission-riviere\\\/#article\",\"isPartOf\":{\"@id\":\"https:\\\/\\\/www.fondationdegaspebeaubien.org\\\/fr\\\/revue-de-presse-du-projet-mission-riviere\\\/\"},\"author\":{\"name\":\"globalia\",\"@id\":\"https:\\\/\\\/www.fondationdegaspebeaubien.org\\\/en\\\/#\\\/schema\\\/person\\\/5e175ccb02c3046ffcc76bfeedd07a09\"},\"headline\":\"Revue de presse du projet Mission Rivi\u00e8re\",\"datePublished\":\"2013-11-08T17:41:00+00:00\",\"dateModified\":\"2019-09-13T12:24:09+00:00\",\"mainEntityOfPage\":{\"@id\":\"https:\\\/\\\/www.fondationdegaspebeaubien.org\\\/fr\\\/revue-de-presse-du-projet-mission-riviere\\\/\"},\"wordCount\":143,\"commentCount\":0,\"image\":{\"@id\":\"https:\\\/\\\/www.fondationdegaspebeaubien.org\\\/fr\\\/revue-de-presse-du-projet-mission-riviere\\\/#primaryimage\"},\"thumbnailUrl\":\"https:\\\/\\\/www.fondationdegaspebeaubien.org\\\/wp-content\\\/uploads\\\/2015\\\/04\\\/Aidan_et_Colin-1408734542-MM-600x0.jpg\",\"articleSection\":[\"Club des intrapreneurs - Archives\"],\"inLanguage\":\"fr-FR\",\"potentialAction\":[{\"@type\":\"CommentAction\",\"name\":\"Comment\",\"target\":[\"https:\\\/\\\/www.fondationdegaspebeaubien.org\\\/fr\\\/revue-de-presse-du-projet-mission-riviere\\\/#respond\"]}]},{\"@type\":\"WebPage\",\"@id\":\"https:\\\/\\\/www.fondationdegaspebeaubien.org\\\/fr\\\/revue-de-presse-du-projet-mission-riviere\\\/\",\"url\":\"https:\\\/\\\/www.fondationdegaspebeaubien.org\\\/fr\\\/revue-de-presse-du-projet-mission-riviere\\\/\",\"name\":\"Revue de presse du projet Mission Rivi\u00e8re - Fondation de Gasp\u00e9 Beaubien\",\"isPartOf\":{\"@id\":\"https:\\\/\\\/www.fondationdegaspebeaubien.org\\\/en\\\/#website\"},\"primaryImageOfPage\":{\"@id\":\"https:\\\/\\\/www.fondationdegaspebeaubien.org\\\/fr\\\/revue-de-presse-du-projet-mission-riviere\\\/#primaryimage\"},\"image\":{\"@id\":\"https:\\\/\\\/www.fondationdegaspebeaubien.org\\\/fr\\\/revue-de-presse-du-projet-mission-riviere\\\/#primaryimage\"},\"thumbnailUrl\":\"https:\\\/\\\/www.fondationdegaspebeaubien.org\\\/wp-content\\\/uploads\\\/2015\\\/04\\\/Aidan_et_Colin-1408734542-MM-600x0.jpg\",\"datePublished\":\"2013-11-08T17:41:00+00:00\",\"dateModified\":\"2019-09-13T12:24:09+00:00\",\"author\":{\"@id\":\"https:\\\/\\\/www.fondationdegaspebeaubien.org\\\/en\\\/#\\\/schema\\\/person\\\/5e175ccb02c3046ffcc76bfeedd07a09\"},\"breadcrumb\":{\"@id\":\"https:\\\/\\\/www.fondationdegaspebeaubien.org\\\/fr\\\/revue-de-presse-du-projet-mission-riviere\\\/#breadcrumb\"},\"inLanguage\":\"fr-FR\",\"potentialAction\":[{\"@type\":\"ReadAction\",\"target\":[\"https:\\\/\\\/www.fondationdegaspebeaubien.org\\\/fr\\\/revue-de-presse-du-projet-mission-riviere\\\/\"]}]},{\"@type\":\"ImageObject\",\"inLanguage\":\"fr-FR\",\"@id\":\"https:\\\/\\\/www.fondationdegaspebeaubien.org\\\/fr\\\/revue-de-presse-du-projet-mission-riviere\\\/#primaryimage\",\"url\":\"https:\\\/\\\/www.fondationdegaspebeaubien.org\\\/wp-content\\\/uploads\\\/2015\\\/04\\\/Aidan_et_Colin-1408734542-MM-600x0.jpg\",\"contentUrl\":\"https:\\\/\\\/www.fondationdegaspebeaubien.org\\\/wp-content\\\/uploads\\\/2015\\\/04\\\/Aidan_et_Colin-1408734542-MM-600x0.jpg\",\"width\":600,\"height\":450},{\"@type\":\"BreadcrumbList\",\"@id\":\"https:\\\/\\\/www.fondationdegaspebeaubien.org\\\/fr\\\/revue-de-presse-du-projet-mission-riviere\\\/#breadcrumb\",\"itemListElement\":[{\"@type\":\"ListItem\",\"position\":1,\"name\":\"Home\",\"item\":\"https:\\\/\\\/www.fondationdegaspebeaubien.org\\\/fr\\\/\"},{\"@type\":\"ListItem\",\"position\":2,\"name\":\"Revue de presse du projet Mission Rivi\u00e8re\"}]},{\"@type\":\"WebSite\",\"@id\":\"https:\\\/\\\/www.fondationdegaspebeaubien.org\\\/en\\\/#website\",\"url\":\"https:\\\/\\\/www.fondationdegaspebeaubien.org\\\/en\\\/\",\"name\":\"Fondation de Gasp\u00e9 Beaubien\",\"description\":\"Appuyer le changement au sein de la communaut\u00e9\",\"potentialAction\":[{\"@type\":\"SearchAction\",\"target\":{\"@type\":\"EntryPoint\",\"urlTemplate\":\"https:\\\/\\\/www.fondationdegaspebeaubien.org\\\/en\\\/?s={search_term_string}\"},\"query-input\":{\"@type\":\"PropertyValueSpecification\",\"valueRequired\":true,\"valueName\":\"search_term_string\"}}],\"inLanguage\":\"fr-FR\"},{\"@type\":\"Person\",\"@id\":\"https:\\\/\\\/www.fondationdegaspebeaubien.org\\\/en\\\/#\\\/schema\\\/person\\\/5e175ccb02c3046ffcc76bfeedd07a09\",\"name\":\"globalia\",\"image\":{\"@type\":\"ImageObject\",\"inLanguage\":\"fr-FR\",\"@id\":\"https:\\\/\\\/secure.gravatar.com\\\/avatar\\\/33cf574ee814ccec40aeea7507e0c73151f948eb116b2f5686cf620daaefd80a?s=96&d=mm&r=g\",\"url\":\"https:\\\/\\\/secure.gravatar.com\\\/avatar\\\/33cf574ee814ccec40aeea7507e0c73151f948eb116b2f5686cf620daaefd80a?s=96&d=mm&r=g\",\"contentUrl\":\"https:\\\/\\\/secure.gravatar.com\\\/avatar\\\/33cf574ee814ccec40aeea7507e0c73151f948eb116b2f5686cf620daaefd80a?s=96&d=mm&r=g\",\"caption\":\"globalia\"},\"url\":\"https:\\\/\\\/www.fondationdegaspebeaubien.org\\\/fr\\\/author\\\/globalia\\\/\"}]}<\/script>\n<!-- \/ Yoast SEO plugin. -->","yoast_head_json":{"title":"Revue de presse du projet Mission Rivi\u00e8re - Fondation de Gasp\u00e9 Beaubien","robots":{"index":"index","follow":"follow","max-snippet":"max-snippet:-1","max-image-preview":"max-image-preview:large","max-video-preview":"max-video-preview:-1"},"canonical":"https:\/\/www.fondationdegaspebeaubien.org\/fr\/revue-de-presse-du-projet-mission-riviere\/","og_locale":"fr_FR","og_type":"article","og_title":"Revue de presse du projet Mission Rivi\u00e8re - Fondation de Gasp\u00e9 Beaubien","og_description":"Le projet Mission rivi\u00e8re ayant pour but d&rsquo;am\u00e9liorer la qualit\u00e9 de l&rsquo;eau de la rivi\u00e8re des outaouais dans la r\u00e9gion d&rsquo;Ottawa et de Gatineau est tr\u00e8s actif au pr\u00e8s de la population. Voici la liste des retomb\u00e9es m\u00e9diatiques jusqu&rsquo;\u00e0 ce jour sur ce projet. La rivi\u00e8re des outaouais rec\u00e8le de moules, dont une esp\u00e8ce tr\u00e8s [&hellip;]","og_url":"https:\/\/www.fondationdegaspebeaubien.org\/fr\/revue-de-presse-du-projet-mission-riviere\/","og_site_name":"Fondation de Gasp\u00e9 Beaubien","article_published_time":"2013-11-08T17:41:00+00:00","article_modified_time":"2019-09-13T12:24:09+00:00","og_image":[{"width":600,"height":450,"url":"https:\/\/www.fondationdegaspebeaubien.org\/wp-content\/uploads\/2015\/04\/Aidan_et_Colin-1408734542-MM-600x0.jpg","type":"image\/jpeg"}],"author":"globalia","twitter_card":"summary_large_image","twitter_misc":{"\u00c9crit par":"globalia","Dur\u00e9e de lecture estim\u00e9e":"1 minute"},"schema":{"@context":"https:\/\/schema.org","@graph":[{"@type":"Article","@id":"https:\/\/www.fondationdegaspebeaubien.org\/fr\/revue-de-presse-du-projet-mission-riviere\/#article","isPartOf":{"@id":"https:\/\/www.fondationdegaspebeaubien.org\/fr\/revue-de-presse-du-projet-mission-riviere\/"},"author":{"name":"globalia","@id":"https:\/\/www.fondationdegaspebeaubien.org\/en\/#\/schema\/person\/5e175ccb02c3046ffcc76bfeedd07a09"},"headline":"Revue de presse du projet Mission Rivi\u00e8re","datePublished":"2013-11-08T17:41:00+00:00","dateModified":"2019-09-13T12:24:09+00:00","mainEntityOfPage":{"@id":"https:\/\/www.fondationdegaspebeaubien.org\/fr\/revue-de-presse-du-projet-mission-riviere\/"},"wordCount":143,"commentCount":0,"image":{"@id":"https:\/\/www.fondationdegaspebeaubien.org\/fr\/revue-de-presse-du-projet-mission-riviere\/#primaryimage"},"thumbnailUrl":"https:\/\/www.fondationdegaspebeaubien.org\/wp-content\/uploads\/2015\/04\/Aidan_et_Colin-1408734542-MM-600x0.jpg","articleSection":["Club des intrapreneurs - Archives"],"inLanguage":"fr-FR","potentialAction":[{"@type":"CommentAction","name":"Comment","target":["https:\/\/www.fondationdegaspebeaubien.org\/fr\/revue-de-presse-du-projet-mission-riviere\/#respond"]}]},{"@type":"WebPage","@id":"https:\/\/www.fondationdegaspebeaubien.org\/fr\/revue-de-presse-du-projet-mission-riviere\/","url":"https:\/\/www.fondationdegaspebeaubien.org\/fr\/revue-de-presse-du-projet-mission-riviere\/","name":"Revue de presse du projet Mission Rivi\u00e8re - Fondation de Gasp\u00e9 Beaubien","isPartOf":{"@id":"https:\/\/www.fondationdegaspebeaubien.org\/en\/#website"},"primaryImageOfPage":{"@id":"https:\/\/www.fondationdegaspebeaubien.org\/fr\/revue-de-presse-du-projet-mission-riviere\/#primaryimage"},"image":{"@id":"https:\/\/www.fondationdegaspebeaubien.org\/fr\/revue-de-presse-du-projet-mission-riviere\/#primaryimage"},"thumbnailUrl":"https:\/\/www.fondationdegaspebeaubien.org\/wp-content\/uploads\/2015\/04\/Aidan_et_Colin-1408734542-MM-600x0.jpg","datePublished":"2013-11-08T17:41:00+00:00","dateModified":"2019-09-13T12:24:09+00:00","author":{"@id":"https:\/\/www.fondationdegaspebeaubien.org\/en\/#\/schema\/person\/5e175ccb02c3046ffcc76bfeedd07a09"},"breadcrumb":{"@id":"https:\/\/www.fondationdegaspebeaubien.org\/fr\/revue-de-presse-du-projet-mission-riviere\/#breadcrumb"},"inLanguage":"fr-FR","potentialAction":[{"@type":"ReadAction","target":["https:\/\/www.fondationdegaspebeaubien.org\/fr\/revue-de-presse-du-projet-mission-riviere\/"]}]},{"@type":"ImageObject","inLanguage":"fr-FR","@id":"https:\/\/www.fondationdegaspebeaubien.org\/fr\/revue-de-presse-du-projet-mission-riviere\/#primaryimage","url":"https:\/\/www.fondationdegaspebeaubien.org\/wp-content\/uploads\/2015\/04\/Aidan_et_Colin-1408734542-MM-600x0.jpg","contentUrl":"https:\/\/www.fondationdegaspebeaubien.org\/wp-content\/uploads\/2015\/04\/Aidan_et_Colin-1408734542-MM-600x0.jpg","width":600,"height":450},{"@type":"BreadcrumbList","@id":"https:\/\/www.fondationdegaspebeaubien.org\/fr\/revue-de-presse-du-projet-mission-riviere\/#breadcrumb","itemListElement":[{"@type":"ListItem","position":1,"name":"Home","item":"https:\/\/www.fondationdegaspebeaubien.org\/fr\/"},{"@type":"ListItem","position":2,"name":"Revue de presse du projet Mission Rivi\u00e8re"}]},{"@type":"WebSite","@id":"https:\/\/www.fondationdegaspebeaubien.org\/en\/#website","url":"https:\/\/www.fondationdegaspebeaubien.org\/en\/","name":"Fondation de Gasp\u00e9 Beaubien","description":"Appuyer le changement au sein de la communaut\u00e9","potentialAction":[{"@type":"SearchAction","target":{"@type":"EntryPoint","urlTemplate":"https:\/\/www.fondationdegaspebeaubien.org\/en\/?s={search_term_string}"},"query-input":{"@type":"PropertyValueSpecification","valueRequired":true,"valueName":"search_term_string"}}],"inLanguage":"fr-FR"},{"@type":"Person","@id":"https:\/\/www.fondationdegaspebeaubien.org\/en\/#\/schema\/person\/5e175ccb02c3046ffcc76bfeedd07a09","name":"globalia","image":{"@type":"ImageObject","inLanguage":"fr-FR","@id":"https:\/\/secure.gravatar.com\/avatar\/33cf574ee814ccec40aeea7507e0c73151f948eb116b2f5686cf620daaefd80a?s=96&d=mm&r=g","url":"https:\/\/secure.gravatar.com\/avatar\/33cf574ee814ccec40aeea7507e0c73151f948eb116b2f5686cf620daaefd80a?s=96&d=mm&r=g","contentUrl":"https:\/\/secure.gravatar.com\/avatar\/33cf574ee814ccec40aeea7507e0c73151f948eb116b2f5686cf620daaefd80a?s=96&d=mm&r=g","caption":"globalia"},"url":"https:\/\/www.fondationdegaspebeaubien.org\/fr\/author\/globalia\/"}]}},"_links":{"self":[{"href":"https:\/\/www.fondationdegaspebeaubien.org\/fr\/wp-json\/wp\/v2\/posts\/70","targetHints":{"allow":["GET"]}}],"collection":[{"href":"https:\/\/www.fondationdegaspebeaubien.org\/fr\/wp-json\/wp\/v2\/posts"}],"about":[{"href":"https:\/\/www.fondationdegaspebeaubien.org\/fr\/wp-json\/wp\/v2\/types\/post"}],"author":[{"embeddable":true,"href":"https:\/\/www.fondationdegaspebeaubien.org\/fr\/wp-json\/wp\/v2\/users\/4"}],"replies":[{"embeddable":true,"href":"https:\/\/www.fondationdegaspebeaubien.org\/fr\/wp-json\/wp\/v2\/comments?post=70"}],"version-history":[{"count":1,"href":"https:\/\/www.fondationdegaspebeaubien.org\/fr\/wp-json\/wp\/v2\/posts\/70\/revisions"}],"predecessor-version":[{"id":1170,"href":"https:\/\/www.fondationdegaspebeaubien.org\/fr\/wp-json\/wp\/v2\/posts\/70\/revisions\/1170"}],"wp:featuredmedia":[{"embeddable":true,"href":"https:\/\/www.fondationdegaspebeaubien.org\/fr\/wp-json\/wp\/v2\/media\/1033"}],"wp:attachment":[{"href":"https:\/\/www.fondationdegaspebeaubien.org\/fr\/wp-json\/wp\/v2\/media?parent=70"}],"wp:term":[{"taxonomy":"category","embeddable":true,"href":"https:\/\/www.fondationdegaspebeaubien.org\/fr\/wp-json\/wp\/v2\/categories?post=70"},{"taxonomy":"post_tag","embeddable":true,"href":"https:\/\/www.fondationdegaspebeaubien.org\/fr\/wp-json\/wp\/v2\/tags?post=70"}],"curies":[{"name":"wp","href":"https:\/\/api.w.org\/{rel}","templated":true}]}}