{"id":896,"date":"2013-10-15T14:17:00","date_gmt":"2013-10-15T13:17:00","guid":{"rendered":"http:\/\/blogue.fondationdegaspebeaubien.org\/?p=66"},"modified":"2019-09-13T08:25:33","modified_gmt":"2019-09-13T12:25:33","slug":"les-reflexions-dalexandra-apres-lexpedition-mission-riviere","status":"publish","type":"post","link":"https:\/\/www.fondationdegaspebeaubien.org\/fr\/les-reflexions-dalexandra-apres-lexpedition-mission-riviere\/","title":{"rendered":"Les r\u00e9flexions d&rsquo;Alexandra apr\u00e8s l&rsquo;exp\u00e9dition Mission Rivi\u00e8re"},"content":{"rendered":"<p>8 octobre 2013.<br \/>\nDepuis mon arriv\u00e9e au Canada, le 11 septembre, <strong>pour y tourner trois documentaires sur la rivi\u00e8re des Outaouais<\/strong>, dans le cadre de la <strong>Mission Rivi\u00e8re<\/strong>, une collaboration entre <strong>Sentinelle Outaouais, Blue Legacy International et la Fondation de Gasp\u00e9 Beaubien<\/strong>, j&rsquo;ai fait du kayak, du rafting et du canot sur ladite rivi\u00e8re. Au cours de cette exp\u00e9dition, j&rsquo;ai pu boire cette eau, de sa source au robinet, et observer \u00e9galement comment les stations d&rsquo;\u00e9puration du bassin versant la nettoient, avant qu\u2019elle ne retourne \u00e0 la rivi\u00e8re.<br \/>\nCe p\u00e9riple m\u2019a permis de rencontrer ses plus ardents militants, tels Meredith Brown, de <strong>Sentinelle Outaouais<\/strong>, Ambroise Lycke, directeur de l\u2019<strong>Organisme du bassin versant du T\u00e9miscamingue<\/strong> (OBVT), et Skip Ross, un sage algonquin, lesquels se battent pour que l\u2019avenir de cette rivi\u00e8re soit pris au s\u00e9rieux. Malgr\u00e9 des t\u00e9moignages prenants de militants concernant cette rivi\u00e8re, nous avons constat\u00e9 le manque chronique d&rsquo;informations disponibles et d\u2019outils technologiques pour soutenir l&rsquo;action publique et mesurer la qualit\u00e9 de notre eau.<br \/>\nTout ce que j&rsquo;ai vu et entendu durant ce p\u00e9riple pr\u00eache en faveur de l&rsquo;importance d\u2019en conna\u00eetre la qualit\u00e9 \u2012 Peut-on s\u2019y baigner? Pouvons-nous y p\u00eacher? Est-elle potable? Etc.? <strong>\u00catre renseign\u00e9 sur sa qualit\u00e9 est essentiel<\/strong>. La population devrait pouvoir sans craintes en jouir. N\u00e9anmoins, de fois en fois je constate qu\u2019il lui est difficile dans ce dossier d\u2019avoir l\u2019heure juste.<br \/>\nAu bout du compte, cette rivi\u00e8re appartient \u00e0 la communaut\u00e9 qu\u2019elle dessert, qui la ch\u00e9rit et qui en d\u00e9pend quotidiennement. Ses pr\u00e9occupations et sa volont\u00e9 d\u2019en pr\u00e9server la qualit\u00e9 n\u2019ont fait que me convaincre que nous sommes toutes et tous responsables de ce patrimoine. N\u00e9anmoins, pour aboutir \u00e0 nos fins, de bons outils sont n\u00e9cessaires, de m\u00eame que des techniques innovantes et un meilleur acc\u00e8s \u00e0 l\u2019information concernant sa qualit\u00e9. Enfin et surtout, les pouvoirs publics doivent \u00eatre responsables et transparents dans ce dossier.<\/p>\n<h3>D\u00e9fendre en tout et partout la qualit\u00e9 de l\u2019eau commence d\u2019abord et avant tout par une question fondamentale : connaissez-vous vraiment la qualit\u00e9 de votre eau?<\/h3>\n","protected":false},"excerpt":{"rendered":"<p>8 octobre 2013. Depuis mon arriv\u00e9e au Canada, le 11 septembre, pour y tourner trois documentaires sur la rivi\u00e8re des Outaouais, dans le cadre de la Mission Rivi\u00e8re, une collaboration entre Sentinelle Outaouais, Blue Legacy International et la Fondation de Gasp\u00e9 Beaubien, j&rsquo;ai fait du kayak, du rafting et du canot sur ladite rivi\u00e8re. Au [&hellip;]<\/p>\n","protected":false},"author":4,"featured_media":1040,"comment_status":"open","ping_status":"open","sticky":false,"template":"","format":"standard","meta":{"_acf_changed":false,"footnotes":""},"categories":[1],"tags":[],"class_list":["post-896","post","type-post","status-publish","format-standard","has-post-thumbnail","hentry","category-club-des-intrapreneurs"],"acf":[],"yoast_head":"<!-- This site is optimized with the Yoast SEO plugin v27.3 - https:\/\/yoast.com\/product\/yoast-seo-wordpress\/ -->\n<title>Les r\u00e9flexions d&#039;Alexandra apr\u00e8s l&#039;exp\u00e9dition Mission Rivi\u00e8re - Fondation de Gasp\u00e9 Beaubien<\/title>\n<meta name=\"robots\" content=\"index, follow, max-snippet:-1, max-image-preview:large, max-video-preview:-1\" \/>\n<link rel=\"canonical\" href=\"https:\/\/www.fondationdegaspebeaubien.org\/fr\/les-reflexions-dalexandra-apres-lexpedition-mission-riviere\/\" \/>\n<meta property=\"og:locale\" content=\"fr_FR\" \/>\n<meta property=\"og:type\" content=\"article\" \/>\n<meta property=\"og:title\" content=\"Les r\u00e9flexions d&#039;Alexandra apr\u00e8s l&#039;exp\u00e9dition Mission Rivi\u00e8re - Fondation de Gasp\u00e9 Beaubien\" \/>\n<meta property=\"og:description\" content=\"8 octobre 2013. Depuis mon arriv\u00e9e au Canada, le 11 septembre, pour y tourner trois documentaires sur la rivi\u00e8re des Outaouais, dans le cadre de la Mission Rivi\u00e8re, une collaboration entre Sentinelle Outaouais, Blue Legacy International et la Fondation de Gasp\u00e9 Beaubien, j&rsquo;ai fait du kayak, du rafting et du canot sur ladite rivi\u00e8re. Au [&hellip;]\" \/>\n<meta property=\"og:url\" content=\"https:\/\/www.fondationdegaspebeaubien.org\/fr\/les-reflexions-dalexandra-apres-lexpedition-mission-riviere\/\" \/>\n<meta property=\"og:site_name\" content=\"Fondation de Gasp\u00e9 Beaubien\" \/>\n<meta property=\"article:published_time\" content=\"2013-10-15T13:17:00+00:00\" \/>\n<meta property=\"article:modified_time\" content=\"2019-09-13T12:25:33+00:00\" \/>\n<meta property=\"og:image\" content=\"https:\/\/www.fondationdegaspebeaubien.org\/wp-content\/uploads\/2015\/04\/projet_riviere_15_octobre-1408734538-MM-600x0.jpg\" \/>\n\t<meta property=\"og:image:width\" content=\"600\" \/>\n\t<meta property=\"og:image:height\" content=\"400\" \/>\n\t<meta property=\"og:image:type\" content=\"image\/jpeg\" \/>\n<meta name=\"author\" content=\"globalia\" \/>\n<meta name=\"twitter:card\" content=\"summary_large_image\" \/>\n<meta name=\"twitter:label1\" content=\"\u00c9crit par\" \/>\n\t<meta name=\"twitter:data1\" content=\"globalia\" \/>\n\t<meta name=\"twitter:label2\" content=\"Dur\u00e9e de lecture estim\u00e9e\" \/>\n\t<meta name=\"twitter:data2\" content=\"2 minutes\" \/>\n<script type=\"application\/ld+json\" class=\"yoast-schema-graph\">{\"@context\":\"https:\\\/\\\/schema.org\",\"@graph\":[{\"@type\":\"Article\",\"@id\":\"https:\\\/\\\/www.fondationdegaspebeaubien.org\\\/fr\\\/les-reflexions-dalexandra-apres-lexpedition-mission-riviere\\\/#article\",\"isPartOf\":{\"@id\":\"https:\\\/\\\/www.fondationdegaspebeaubien.org\\\/fr\\\/les-reflexions-dalexandra-apres-lexpedition-mission-riviere\\\/\"},\"author\":{\"name\":\"globalia\",\"@id\":\"https:\\\/\\\/www.fondationdegaspebeaubien.org\\\/en\\\/#\\\/schema\\\/person\\\/5e175ccb02c3046ffcc76bfeedd07a09\"},\"headline\":\"Les r\u00e9flexions d&rsquo;Alexandra apr\u00e8s l&rsquo;exp\u00e9dition Mission Rivi\u00e8re\",\"datePublished\":\"2013-10-15T13:17:00+00:00\",\"dateModified\":\"2019-09-13T12:25:33+00:00\",\"mainEntityOfPage\":{\"@id\":\"https:\\\/\\\/www.fondationdegaspebeaubien.org\\\/fr\\\/les-reflexions-dalexandra-apres-lexpedition-mission-riviere\\\/\"},\"wordCount\":382,\"commentCount\":0,\"image\":{\"@id\":\"https:\\\/\\\/www.fondationdegaspebeaubien.org\\\/fr\\\/les-reflexions-dalexandra-apres-lexpedition-mission-riviere\\\/#primaryimage\"},\"thumbnailUrl\":\"https:\\\/\\\/www.fondationdegaspebeaubien.org\\\/wp-content\\\/uploads\\\/2015\\\/04\\\/projet_riviere_15_octobre-1408734538-MM-600x0.jpg\",\"articleSection\":[\"Club des intrapreneurs - Archives\"],\"inLanguage\":\"fr-FR\",\"potentialAction\":[{\"@type\":\"CommentAction\",\"name\":\"Comment\",\"target\":[\"https:\\\/\\\/www.fondationdegaspebeaubien.org\\\/fr\\\/les-reflexions-dalexandra-apres-lexpedition-mission-riviere\\\/#respond\"]}]},{\"@type\":\"WebPage\",\"@id\":\"https:\\\/\\\/www.fondationdegaspebeaubien.org\\\/fr\\\/les-reflexions-dalexandra-apres-lexpedition-mission-riviere\\\/\",\"url\":\"https:\\\/\\\/www.fondationdegaspebeaubien.org\\\/fr\\\/les-reflexions-dalexandra-apres-lexpedition-mission-riviere\\\/\",\"name\":\"Les r\u00e9flexions d'Alexandra apr\u00e8s l'exp\u00e9dition Mission Rivi\u00e8re - Fondation de Gasp\u00e9 Beaubien\",\"isPartOf\":{\"@id\":\"https:\\\/\\\/www.fondationdegaspebeaubien.org\\\/en\\\/#website\"},\"primaryImageOfPage\":{\"@id\":\"https:\\\/\\\/www.fondationdegaspebeaubien.org\\\/fr\\\/les-reflexions-dalexandra-apres-lexpedition-mission-riviere\\\/#primaryimage\"},\"image\":{\"@id\":\"https:\\\/\\\/www.fondationdegaspebeaubien.org\\\/fr\\\/les-reflexions-dalexandra-apres-lexpedition-mission-riviere\\\/#primaryimage\"},\"thumbnailUrl\":\"https:\\\/\\\/www.fondationdegaspebeaubien.org\\\/wp-content\\\/uploads\\\/2015\\\/04\\\/projet_riviere_15_octobre-1408734538-MM-600x0.jpg\",\"datePublished\":\"2013-10-15T13:17:00+00:00\",\"dateModified\":\"2019-09-13T12:25:33+00:00\",\"author\":{\"@id\":\"https:\\\/\\\/www.fondationdegaspebeaubien.org\\\/en\\\/#\\\/schema\\\/person\\\/5e175ccb02c3046ffcc76bfeedd07a09\"},\"breadcrumb\":{\"@id\":\"https:\\\/\\\/www.fondationdegaspebeaubien.org\\\/fr\\\/les-reflexions-dalexandra-apres-lexpedition-mission-riviere\\\/#breadcrumb\"},\"inLanguage\":\"fr-FR\",\"potentialAction\":[{\"@type\":\"ReadAction\",\"target\":[\"https:\\\/\\\/www.fondationdegaspebeaubien.org\\\/fr\\\/les-reflexions-dalexandra-apres-lexpedition-mission-riviere\\\/\"]}]},{\"@type\":\"ImageObject\",\"inLanguage\":\"fr-FR\",\"@id\":\"https:\\\/\\\/www.fondationdegaspebeaubien.org\\\/fr\\\/les-reflexions-dalexandra-apres-lexpedition-mission-riviere\\\/#primaryimage\",\"url\":\"https:\\\/\\\/www.fondationdegaspebeaubien.org\\\/wp-content\\\/uploads\\\/2015\\\/04\\\/projet_riviere_15_octobre-1408734538-MM-600x0.jpg\",\"contentUrl\":\"https:\\\/\\\/www.fondationdegaspebeaubien.org\\\/wp-content\\\/uploads\\\/2015\\\/04\\\/projet_riviere_15_octobre-1408734538-MM-600x0.jpg\",\"width\":600,\"height\":400},{\"@type\":\"BreadcrumbList\",\"@id\":\"https:\\\/\\\/www.fondationdegaspebeaubien.org\\\/fr\\\/les-reflexions-dalexandra-apres-lexpedition-mission-riviere\\\/#breadcrumb\",\"itemListElement\":[{\"@type\":\"ListItem\",\"position\":1,\"name\":\"Home\",\"item\":\"https:\\\/\\\/www.fondationdegaspebeaubien.org\\\/fr\\\/\"},{\"@type\":\"ListItem\",\"position\":2,\"name\":\"Les r\u00e9flexions d&rsquo;Alexandra apr\u00e8s l&rsquo;exp\u00e9dition Mission Rivi\u00e8re\"}]},{\"@type\":\"WebSite\",\"@id\":\"https:\\\/\\\/www.fondationdegaspebeaubien.org\\\/en\\\/#website\",\"url\":\"https:\\\/\\\/www.fondationdegaspebeaubien.org\\\/en\\\/\",\"name\":\"Fondation de Gasp\u00e9 Beaubien\",\"description\":\"Appuyer le changement au sein de la communaut\u00e9\",\"potentialAction\":[{\"@type\":\"SearchAction\",\"target\":{\"@type\":\"EntryPoint\",\"urlTemplate\":\"https:\\\/\\\/www.fondationdegaspebeaubien.org\\\/en\\\/?s={search_term_string}\"},\"query-input\":{\"@type\":\"PropertyValueSpecification\",\"valueRequired\":true,\"valueName\":\"search_term_string\"}}],\"inLanguage\":\"fr-FR\"},{\"@type\":\"Person\",\"@id\":\"https:\\\/\\\/www.fondationdegaspebeaubien.org\\\/en\\\/#\\\/schema\\\/person\\\/5e175ccb02c3046ffcc76bfeedd07a09\",\"name\":\"globalia\",\"image\":{\"@type\":\"ImageObject\",\"inLanguage\":\"fr-FR\",\"@id\":\"https:\\\/\\\/secure.gravatar.com\\\/avatar\\\/33cf574ee814ccec40aeea7507e0c73151f948eb116b2f5686cf620daaefd80a?s=96&d=mm&r=g\",\"url\":\"https:\\\/\\\/secure.gravatar.com\\\/avatar\\\/33cf574ee814ccec40aeea7507e0c73151f948eb116b2f5686cf620daaefd80a?s=96&d=mm&r=g\",\"contentUrl\":\"https:\\\/\\\/secure.gravatar.com\\\/avatar\\\/33cf574ee814ccec40aeea7507e0c73151f948eb116b2f5686cf620daaefd80a?s=96&d=mm&r=g\",\"caption\":\"globalia\"},\"url\":\"https:\\\/\\\/www.fondationdegaspebeaubien.org\\\/fr\\\/author\\\/globalia\\\/\"}]}<\/script>\n<!-- \/ Yoast SEO plugin. -->","yoast_head_json":{"title":"Les r\u00e9flexions d'Alexandra apr\u00e8s l'exp\u00e9dition Mission Rivi\u00e8re - Fondation de Gasp\u00e9 Beaubien","robots":{"index":"index","follow":"follow","max-snippet":"max-snippet:-1","max-image-preview":"max-image-preview:large","max-video-preview":"max-video-preview:-1"},"canonical":"https:\/\/www.fondationdegaspebeaubien.org\/fr\/les-reflexions-dalexandra-apres-lexpedition-mission-riviere\/","og_locale":"fr_FR","og_type":"article","og_title":"Les r\u00e9flexions d'Alexandra apr\u00e8s l'exp\u00e9dition Mission Rivi\u00e8re - Fondation de Gasp\u00e9 Beaubien","og_description":"8 octobre 2013. Depuis mon arriv\u00e9e au Canada, le 11 septembre, pour y tourner trois documentaires sur la rivi\u00e8re des Outaouais, dans le cadre de la Mission Rivi\u00e8re, une collaboration entre Sentinelle Outaouais, Blue Legacy International et la Fondation de Gasp\u00e9 Beaubien, j&rsquo;ai fait du kayak, du rafting et du canot sur ladite rivi\u00e8re. Au [&hellip;]","og_url":"https:\/\/www.fondationdegaspebeaubien.org\/fr\/les-reflexions-dalexandra-apres-lexpedition-mission-riviere\/","og_site_name":"Fondation de Gasp\u00e9 Beaubien","article_published_time":"2013-10-15T13:17:00+00:00","article_modified_time":"2019-09-13T12:25:33+00:00","og_image":[{"width":600,"height":400,"url":"https:\/\/www.fondationdegaspebeaubien.org\/wp-content\/uploads\/2015\/04\/projet_riviere_15_octobre-1408734538-MM-600x0.jpg","type":"image\/jpeg"}],"author":"globalia","twitter_card":"summary_large_image","twitter_misc":{"\u00c9crit par":"globalia","Dur\u00e9e de lecture estim\u00e9e":"2 minutes"},"schema":{"@context":"https:\/\/schema.org","@graph":[{"@type":"Article","@id":"https:\/\/www.fondationdegaspebeaubien.org\/fr\/les-reflexions-dalexandra-apres-lexpedition-mission-riviere\/#article","isPartOf":{"@id":"https:\/\/www.fondationdegaspebeaubien.org\/fr\/les-reflexions-dalexandra-apres-lexpedition-mission-riviere\/"},"author":{"name":"globalia","@id":"https:\/\/www.fondationdegaspebeaubien.org\/en\/#\/schema\/person\/5e175ccb02c3046ffcc76bfeedd07a09"},"headline":"Les r\u00e9flexions d&rsquo;Alexandra apr\u00e8s l&rsquo;exp\u00e9dition Mission Rivi\u00e8re","datePublished":"2013-10-15T13:17:00+00:00","dateModified":"2019-09-13T12:25:33+00:00","mainEntityOfPage":{"@id":"https:\/\/www.fondationdegaspebeaubien.org\/fr\/les-reflexions-dalexandra-apres-lexpedition-mission-riviere\/"},"wordCount":382,"commentCount":0,"image":{"@id":"https:\/\/www.fondationdegaspebeaubien.org\/fr\/les-reflexions-dalexandra-apres-lexpedition-mission-riviere\/#primaryimage"},"thumbnailUrl":"https:\/\/www.fondationdegaspebeaubien.org\/wp-content\/uploads\/2015\/04\/projet_riviere_15_octobre-1408734538-MM-600x0.jpg","articleSection":["Club des intrapreneurs - Archives"],"inLanguage":"fr-FR","potentialAction":[{"@type":"CommentAction","name":"Comment","target":["https:\/\/www.fondationdegaspebeaubien.org\/fr\/les-reflexions-dalexandra-apres-lexpedition-mission-riviere\/#respond"]}]},{"@type":"WebPage","@id":"https:\/\/www.fondationdegaspebeaubien.org\/fr\/les-reflexions-dalexandra-apres-lexpedition-mission-riviere\/","url":"https:\/\/www.fondationdegaspebeaubien.org\/fr\/les-reflexions-dalexandra-apres-lexpedition-mission-riviere\/","name":"Les r\u00e9flexions d'Alexandra apr\u00e8s l'exp\u00e9dition Mission Rivi\u00e8re - Fondation de Gasp\u00e9 Beaubien","isPartOf":{"@id":"https:\/\/www.fondationdegaspebeaubien.org\/en\/#website"},"primaryImageOfPage":{"@id":"https:\/\/www.fondationdegaspebeaubien.org\/fr\/les-reflexions-dalexandra-apres-lexpedition-mission-riviere\/#primaryimage"},"image":{"@id":"https:\/\/www.fondationdegaspebeaubien.org\/fr\/les-reflexions-dalexandra-apres-lexpedition-mission-riviere\/#primaryimage"},"thumbnailUrl":"https:\/\/www.fondationdegaspebeaubien.org\/wp-content\/uploads\/2015\/04\/projet_riviere_15_octobre-1408734538-MM-600x0.jpg","datePublished":"2013-10-15T13:17:00+00:00","dateModified":"2019-09-13T12:25:33+00:00","author":{"@id":"https:\/\/www.fondationdegaspebeaubien.org\/en\/#\/schema\/person\/5e175ccb02c3046ffcc76bfeedd07a09"},"breadcrumb":{"@id":"https:\/\/www.fondationdegaspebeaubien.org\/fr\/les-reflexions-dalexandra-apres-lexpedition-mission-riviere\/#breadcrumb"},"inLanguage":"fr-FR","potentialAction":[{"@type":"ReadAction","target":["https:\/\/www.fondationdegaspebeaubien.org\/fr\/les-reflexions-dalexandra-apres-lexpedition-mission-riviere\/"]}]},{"@type":"ImageObject","inLanguage":"fr-FR","@id":"https:\/\/www.fondationdegaspebeaubien.org\/fr\/les-reflexions-dalexandra-apres-lexpedition-mission-riviere\/#primaryimage","url":"https:\/\/www.fondationdegaspebeaubien.org\/wp-content\/uploads\/2015\/04\/projet_riviere_15_octobre-1408734538-MM-600x0.jpg","contentUrl":"https:\/\/www.fondationdegaspebeaubien.org\/wp-content\/uploads\/2015\/04\/projet_riviere_15_octobre-1408734538-MM-600x0.jpg","width":600,"height":400},{"@type":"BreadcrumbList","@id":"https:\/\/www.fondationdegaspebeaubien.org\/fr\/les-reflexions-dalexandra-apres-lexpedition-mission-riviere\/#breadcrumb","itemListElement":[{"@type":"ListItem","position":1,"name":"Home","item":"https:\/\/www.fondationdegaspebeaubien.org\/fr\/"},{"@type":"ListItem","position":2,"name":"Les r\u00e9flexions d&rsquo;Alexandra apr\u00e8s l&rsquo;exp\u00e9dition Mission Rivi\u00e8re"}]},{"@type":"WebSite","@id":"https:\/\/www.fondationdegaspebeaubien.org\/en\/#website","url":"https:\/\/www.fondationdegaspebeaubien.org\/en\/","name":"Fondation de Gasp\u00e9 Beaubien","description":"Appuyer le changement au sein de la communaut\u00e9","potentialAction":[{"@type":"SearchAction","target":{"@type":"EntryPoint","urlTemplate":"https:\/\/www.fondationdegaspebeaubien.org\/en\/?s={search_term_string}"},"query-input":{"@type":"PropertyValueSpecification","valueRequired":true,"valueName":"search_term_string"}}],"inLanguage":"fr-FR"},{"@type":"Person","@id":"https:\/\/www.fondationdegaspebeaubien.org\/en\/#\/schema\/person\/5e175ccb02c3046ffcc76bfeedd07a09","name":"globalia","image":{"@type":"ImageObject","inLanguage":"fr-FR","@id":"https:\/\/secure.gravatar.com\/avatar\/33cf574ee814ccec40aeea7507e0c73151f948eb116b2f5686cf620daaefd80a?s=96&d=mm&r=g","url":"https:\/\/secure.gravatar.com\/avatar\/33cf574ee814ccec40aeea7507e0c73151f948eb116b2f5686cf620daaefd80a?s=96&d=mm&r=g","contentUrl":"https:\/\/secure.gravatar.com\/avatar\/33cf574ee814ccec40aeea7507e0c73151f948eb116b2f5686cf620daaefd80a?s=96&d=mm&r=g","caption":"globalia"},"url":"https:\/\/www.fondationdegaspebeaubien.org\/fr\/author\/globalia\/"}]}},"_links":{"self":[{"href":"https:\/\/www.fondationdegaspebeaubien.org\/fr\/wp-json\/wp\/v2\/posts\/896","targetHints":{"allow":["GET"]}}],"collection":[{"href":"https:\/\/www.fondationdegaspebeaubien.org\/fr\/wp-json\/wp\/v2\/posts"}],"about":[{"href":"https:\/\/www.fondationdegaspebeaubien.org\/fr\/wp-json\/wp\/v2\/types\/post"}],"author":[{"embeddable":true,"href":"https:\/\/www.fondationdegaspebeaubien.org\/fr\/wp-json\/wp\/v2\/users\/4"}],"replies":[{"embeddable":true,"href":"https:\/\/www.fondationdegaspebeaubien.org\/fr\/wp-json\/wp\/v2\/comments?post=896"}],"version-history":[{"count":1,"href":"https:\/\/www.fondationdegaspebeaubien.org\/fr\/wp-json\/wp\/v2\/posts\/896\/revisions"}],"predecessor-version":[{"id":1171,"href":"https:\/\/www.fondationdegaspebeaubien.org\/fr\/wp-json\/wp\/v2\/posts\/896\/revisions\/1171"}],"wp:featuredmedia":[{"embeddable":true,"href":"https:\/\/www.fondationdegaspebeaubien.org\/fr\/wp-json\/wp\/v2\/media\/1040"}],"wp:attachment":[{"href":"https:\/\/www.fondationdegaspebeaubien.org\/fr\/wp-json\/wp\/v2\/media?parent=896"}],"wp:term":[{"taxonomy":"category","embeddable":true,"href":"https:\/\/www.fondationdegaspebeaubien.org\/fr\/wp-json\/wp\/v2\/categories?post=896"},{"taxonomy":"post_tag","embeddable":true,"href":"https:\/\/www.fondationdegaspebeaubien.org\/fr\/wp-json\/wp\/v2\/tags?post=896"}],"curies":[{"name":"wp","href":"https:\/\/api.w.org\/{rel}","templated":true}]}}