{"id":943,"date":"2016-04-07T22:22:10","date_gmt":"2016-04-07T21:22:10","guid":{"rendered":"http:\/\/blogue.fondationdegaspebeaubien.org\/?p=385"},"modified":"2019-09-12T15:49:01","modified_gmt":"2019-09-12T19:49:01","slug":"la-fondation-de-gaspe-beaubien-donne-1-m-pour-soutenir-la-recherche-et-linnovation-quebecoise","status":"publish","type":"post","link":"https:\/\/www.fondationdegaspebeaubien.org\/fr\/la-fondation-de-gaspe-beaubien-donne-1-m-pour-soutenir-la-recherche-et-linnovation-quebecoise\/","title":{"rendered":"La Fondation de Gasp\u00e9 Beaubien donne 1 M $ pour soutenir la recherche et l\u2019innovation qu\u00e9b\u00e9coise"},"content":{"rendered":"<p>La Fondation de Gasp\u00e9 Beaubien a annonc\u00e9 qu\u2019elle versera un million de dollars sur cinq ans \u00e0 l\u2019<a href=\"https:\/\/www.etsmtl.ca\/\">\u00c9cole de technologie sup\u00e9rieure<\/a>. Ce don permettra notamment de cr\u00e9er une nouvelle chaire de recherche et de lancer un programme de bourses en entrepreneuriat.<br \/>\n\u00ab Avec ses 9 000 \u00e9tudiants dont pr\u00e8s de 500 au doctorat, l\u2019<a href=\"https:\/\/www.etsmtl.ca\/\">\u00c9TS<\/a> est une vraie fourmili\u00e8re d\u2019id\u00e9es. Ce don vise \u00e0 soutenir la recherche et l\u2019innovation au sein de l\u2019<a href=\"https:\/\/www.etsmtl.ca\/\">\u00c9TS<\/a> et \u00e0 stimuler la cr\u00e9ation d\u2019entreprises technologiques \u00e9mergentes. Le Qu\u00e9bec regorge de talents exceptionnels et il suffit parfois d\u2019un simple coup de pouce pour faire \u00e9clore ces talents \u00bb, a expliqu\u00e9 M. Philippe de Gasp\u00e9 Beaubien III, pr\u00e9sident de la Fondation de Gasp\u00e9 Beaubien, lors du lancement de la campagne majeure de l\u2019<a href=\"https:\/\/www.etsmtl.ca\/\">\u00c9TS.<br \/>\n<\/a><br \/>\nC\u2019est \u00e0 titre de cofondateur de l\u2019entreprise <a href=\"http:\/\/myeers.com\/?lang=fr\">EERS<\/a>, sp\u00e9cialis\u00e9e dans le domaine auditif, que Philippe de Gasp\u00e9 Beaubien III est entr\u00e9 en contact avec l\u2019\u00c9TS, la premi\u00e8re fois. \u00ab Les chercheurs et \u00e9tudiants de l\u2019<a href=\"https:\/\/www.etsmtl.ca\/\">\u00c9TS<\/a> travaillent \u00e0 trouver des solutions \u00e0 des probl\u00e9matiques concr\u00e8tes. J\u2019aime beaucoup leur approche et je tenais \u00e0 soutenir la recherche dans deux domaines qui me tiennent particuli\u00e8rement \u00e0 c\u0153ur, soit la recherche intra-auriculaire et la pr\u00e9servation de l\u2019eau \u00bb, a-t-il ajout\u00e9.<br \/>\nUne somme de 500 000 $ sera ainsi consacr\u00e9e \u00e0 la cr\u00e9ation du laboratoire <a href=\"http:\/\/s11403.p20.sites.pressdns.com\/\">CRITIAS<\/a> (Chaire de recherche industrielle en technologies intra-auriculaires Sonomax\/EERS).<br \/>\nUne somme de 225 000 $ sera aussi vers\u00e9e aux chaires de recherche <a href=\"https:\/\/www.etsmtl.ca\/Unites-de-recherche\/Drame\/accueil\">DRAME<\/a> (D\u00e9veloppement et recherche appliqu\u00e9e en mod\u00e9lisation de l\u2019eau) et <a href=\"http:\/\/steppe.etsmtl.ca\/\">STEPPE<\/a> (Station exp\u00e9rimentale des proc\u00e9d\u00e9s pilotes en environnement).<br \/>\nOutre la sant\u00e9 et l\u2019eau, la Fondation de Gasp\u00e9 Beaubien est aussi tr\u00e8s impliqu\u00e9e dans le soutien de l\u2019entrepreneuriat. C\u2019est pourquoi elle offrira 25 bourses de 10 000 $ \u00e0 de jeunes entrepreneurs pour le d\u00e9marrage d\u2019entreprises technologiques.<br \/>\nEnfin, la Fondation de Gasp\u00e9 Beaubien et l\u2019<a href=\"https:\/\/www.etsmtl.ca\/\">\u00c9TS<\/a> collaboreront pour la tenue du <em><a href=\"http:\/\/2016.aquahacking.com\/fr\/\">Sommet AquaHacking 2016 : Unis pour le Saint-Laurent<\/a><\/em>, qui vise \u00e0 mettre l\u2019innovation au service de l\u2019eau. Cet \u00e9v\u00e9nement se tiendra au <a href=\"http:\/\/congresmtl.com\/\">Palais des congr\u00e8s de Montr\u00e9al<\/a>, le 6 et le 7 octobre prochain.<\/p>\n","protected":false},"excerpt":{"rendered":"<p>La Fondation de Gasp\u00e9 Beaubien donne 1 M $ \u00e0 l\u2019\u00c9cole de technologie sup\u00e9rieure  pour soutenir la recherche et l\u2019innovation qu\u00e9b\u00e9coise sur cinq ans. Ce don permettra notamment de cr\u00e9er une nouvelle chaire de recherche et de lancer un programme de bourses en entrepreneuriat.<\/p>\n","protected":false},"author":1,"featured_media":1062,"comment_status":"open","ping_status":"open","sticky":false,"template":"","format":"standard","meta":{"_acf_changed":false,"footnotes":""},"categories":[73],"tags":[],"class_list":["post-943","post","type-post","status-publish","format-standard","has-post-thumbnail","hentry","category-familles-en-affaires"],"acf":[],"yoast_head":"<!-- This site is optimized with the Yoast SEO plugin v27.3 - https:\/\/yoast.com\/product\/yoast-seo-wordpress\/ -->\n<title>La Fondation de Gasp\u00e9 Beaubien donne 1 M $ pour soutenir la recherche et l\u2019innovation qu\u00e9b\u00e9coise - Fondation de Gasp\u00e9 Beaubien<\/title>\n<meta name=\"robots\" content=\"index, follow, max-snippet:-1, max-image-preview:large, max-video-preview:-1\" \/>\n<link rel=\"canonical\" href=\"https:\/\/www.fondationdegaspebeaubien.org\/fr\/la-fondation-de-gaspe-beaubien-donne-1-m-pour-soutenir-la-recherche-et-linnovation-quebecoise\/\" \/>\n<meta property=\"og:locale\" content=\"fr_FR\" \/>\n<meta property=\"og:type\" content=\"article\" \/>\n<meta property=\"og:title\" content=\"La Fondation de Gasp\u00e9 Beaubien donne 1 M $ pour soutenir la recherche et l\u2019innovation qu\u00e9b\u00e9coise - Fondation de Gasp\u00e9 Beaubien\" \/>\n<meta property=\"og:description\" content=\"La Fondation de Gasp\u00e9 Beaubien donne 1 M $ \u00e0 l\u2019\u00c9cole de technologie sup\u00e9rieure pour soutenir la recherche et l\u2019innovation qu\u00e9b\u00e9coise sur cinq ans. Ce don permettra notamment de cr\u00e9er une nouvelle chaire de recherche et de lancer un programme de bourses en entrepreneuriat.\" \/>\n<meta property=\"og:url\" content=\"https:\/\/www.fondationdegaspebeaubien.org\/fr\/la-fondation-de-gaspe-beaubien-donne-1-m-pour-soutenir-la-recherche-et-linnovation-quebecoise\/\" \/>\n<meta property=\"og:site_name\" content=\"Fondation de Gasp\u00e9 Beaubien\" \/>\n<meta property=\"article:published_time\" content=\"2016-04-07T21:22:10+00:00\" \/>\n<meta property=\"article:modified_time\" content=\"2019-09-12T19:49:01+00:00\" \/>\n<meta property=\"og:image\" content=\"https:\/\/www.fondationdegaspebeaubien.org\/wp-content\/uploads\/2016\/04\/ETS_Tous-1024x683.jpg\" \/>\n\t<meta property=\"og:image:width\" content=\"1024\" \/>\n\t<meta property=\"og:image:height\" content=\"683\" \/>\n\t<meta property=\"og:image:type\" content=\"image\/jpeg\" \/>\n<meta name=\"author\" content=\"smartbugmedia\" \/>\n<meta name=\"twitter:card\" content=\"summary_large_image\" \/>\n<meta name=\"twitter:label1\" content=\"\u00c9crit par\" \/>\n\t<meta name=\"twitter:data1\" content=\"smartbugmedia\" \/>\n\t<meta name=\"twitter:label2\" content=\"Dur\u00e9e de lecture estim\u00e9e\" \/>\n\t<meta name=\"twitter:data2\" content=\"2 minutes\" \/>\n<script type=\"application\/ld+json\" class=\"yoast-schema-graph\">{\"@context\":\"https:\\\/\\\/schema.org\",\"@graph\":[{\"@type\":\"Article\",\"@id\":\"https:\\\/\\\/www.fondationdegaspebeaubien.org\\\/fr\\\/la-fondation-de-gaspe-beaubien-donne-1-m-pour-soutenir-la-recherche-et-linnovation-quebecoise\\\/#article\",\"isPartOf\":{\"@id\":\"https:\\\/\\\/www.fondationdegaspebeaubien.org\\\/fr\\\/la-fondation-de-gaspe-beaubien-donne-1-m-pour-soutenir-la-recherche-et-linnovation-quebecoise\\\/\"},\"author\":{\"name\":\"smartbugmedia\",\"@id\":\"https:\\\/\\\/www.fondationdegaspebeaubien.org\\\/en\\\/#\\\/schema\\\/person\\\/e84c883213d8e6cb00f1775074c74263\"},\"headline\":\"La Fondation de Gasp\u00e9 Beaubien donne 1 M $ pour soutenir la recherche et l\u2019innovation qu\u00e9b\u00e9coise\",\"datePublished\":\"2016-04-07T21:22:10+00:00\",\"dateModified\":\"2019-09-12T19:49:01+00:00\",\"mainEntityOfPage\":{\"@id\":\"https:\\\/\\\/www.fondationdegaspebeaubien.org\\\/fr\\\/la-fondation-de-gaspe-beaubien-donne-1-m-pour-soutenir-la-recherche-et-linnovation-quebecoise\\\/\"},\"wordCount\":380,\"commentCount\":0,\"image\":{\"@id\":\"https:\\\/\\\/www.fondationdegaspebeaubien.org\\\/fr\\\/la-fondation-de-gaspe-beaubien-donne-1-m-pour-soutenir-la-recherche-et-linnovation-quebecoise\\\/#primaryimage\"},\"thumbnailUrl\":\"https:\\\/\\\/www.fondationdegaspebeaubien.org\\\/wp-content\\\/uploads\\\/2016\\\/04\\\/ETS_Tous.jpg\",\"articleSection\":[\"Familles en affaires - Archives\"],\"inLanguage\":\"fr-FR\",\"potentialAction\":[{\"@type\":\"CommentAction\",\"name\":\"Comment\",\"target\":[\"https:\\\/\\\/www.fondationdegaspebeaubien.org\\\/fr\\\/la-fondation-de-gaspe-beaubien-donne-1-m-pour-soutenir-la-recherche-et-linnovation-quebecoise\\\/#respond\"]}]},{\"@type\":\"WebPage\",\"@id\":\"https:\\\/\\\/www.fondationdegaspebeaubien.org\\\/fr\\\/la-fondation-de-gaspe-beaubien-donne-1-m-pour-soutenir-la-recherche-et-linnovation-quebecoise\\\/\",\"url\":\"https:\\\/\\\/www.fondationdegaspebeaubien.org\\\/fr\\\/la-fondation-de-gaspe-beaubien-donne-1-m-pour-soutenir-la-recherche-et-linnovation-quebecoise\\\/\",\"name\":\"La Fondation de Gasp\u00e9 Beaubien donne 1 M $ pour soutenir la recherche et l\u2019innovation qu\u00e9b\u00e9coise - Fondation de Gasp\u00e9 Beaubien\",\"isPartOf\":{\"@id\":\"https:\\\/\\\/www.fondationdegaspebeaubien.org\\\/en\\\/#website\"},\"primaryImageOfPage\":{\"@id\":\"https:\\\/\\\/www.fondationdegaspebeaubien.org\\\/fr\\\/la-fondation-de-gaspe-beaubien-donne-1-m-pour-soutenir-la-recherche-et-linnovation-quebecoise\\\/#primaryimage\"},\"image\":{\"@id\":\"https:\\\/\\\/www.fondationdegaspebeaubien.org\\\/fr\\\/la-fondation-de-gaspe-beaubien-donne-1-m-pour-soutenir-la-recherche-et-linnovation-quebecoise\\\/#primaryimage\"},\"thumbnailUrl\":\"https:\\\/\\\/www.fondationdegaspebeaubien.org\\\/wp-content\\\/uploads\\\/2016\\\/04\\\/ETS_Tous.jpg\",\"datePublished\":\"2016-04-07T21:22:10+00:00\",\"dateModified\":\"2019-09-12T19:49:01+00:00\",\"author\":{\"@id\":\"https:\\\/\\\/www.fondationdegaspebeaubien.org\\\/en\\\/#\\\/schema\\\/person\\\/e84c883213d8e6cb00f1775074c74263\"},\"breadcrumb\":{\"@id\":\"https:\\\/\\\/www.fondationdegaspebeaubien.org\\\/fr\\\/la-fondation-de-gaspe-beaubien-donne-1-m-pour-soutenir-la-recherche-et-linnovation-quebecoise\\\/#breadcrumb\"},\"inLanguage\":\"fr-FR\",\"potentialAction\":[{\"@type\":\"ReadAction\",\"target\":[\"https:\\\/\\\/www.fondationdegaspebeaubien.org\\\/fr\\\/la-fondation-de-gaspe-beaubien-donne-1-m-pour-soutenir-la-recherche-et-linnovation-quebecoise\\\/\"]}]},{\"@type\":\"ImageObject\",\"inLanguage\":\"fr-FR\",\"@id\":\"https:\\\/\\\/www.fondationdegaspebeaubien.org\\\/fr\\\/la-fondation-de-gaspe-beaubien-donne-1-m-pour-soutenir-la-recherche-et-linnovation-quebecoise\\\/#primaryimage\",\"url\":\"https:\\\/\\\/www.fondationdegaspebeaubien.org\\\/wp-content\\\/uploads\\\/2016\\\/04\\\/ETS_Tous.jpg\",\"contentUrl\":\"https:\\\/\\\/www.fondationdegaspebeaubien.org\\\/wp-content\\\/uploads\\\/2016\\\/04\\\/ETS_Tous.jpg\",\"width\":3533,\"height\":2355},{\"@type\":\"BreadcrumbList\",\"@id\":\"https:\\\/\\\/www.fondationdegaspebeaubien.org\\\/fr\\\/la-fondation-de-gaspe-beaubien-donne-1-m-pour-soutenir-la-recherche-et-linnovation-quebecoise\\\/#breadcrumb\",\"itemListElement\":[{\"@type\":\"ListItem\",\"position\":1,\"name\":\"Home\",\"item\":\"https:\\\/\\\/www.fondationdegaspebeaubien.org\\\/fr\\\/\"},{\"@type\":\"ListItem\",\"position\":2,\"name\":\"La Fondation de Gasp\u00e9 Beaubien donne 1 M $ pour soutenir la recherche et l\u2019innovation qu\u00e9b\u00e9coise\"}]},{\"@type\":\"WebSite\",\"@id\":\"https:\\\/\\\/www.fondationdegaspebeaubien.org\\\/en\\\/#website\",\"url\":\"https:\\\/\\\/www.fondationdegaspebeaubien.org\\\/en\\\/\",\"name\":\"Fondation de Gasp\u00e9 Beaubien\",\"description\":\"Appuyer le changement au sein de la communaut\u00e9\",\"potentialAction\":[{\"@type\":\"SearchAction\",\"target\":{\"@type\":\"EntryPoint\",\"urlTemplate\":\"https:\\\/\\\/www.fondationdegaspebeaubien.org\\\/en\\\/?s={search_term_string}\"},\"query-input\":{\"@type\":\"PropertyValueSpecification\",\"valueRequired\":true,\"valueName\":\"search_term_string\"}}],\"inLanguage\":\"fr-FR\"},{\"@type\":\"Person\",\"@id\":\"https:\\\/\\\/www.fondationdegaspebeaubien.org\\\/en\\\/#\\\/schema\\\/person\\\/e84c883213d8e6cb00f1775074c74263\",\"name\":\"smartbugmedia\",\"image\":{\"@type\":\"ImageObject\",\"inLanguage\":\"fr-FR\",\"@id\":\"https:\\\/\\\/secure.gravatar.com\\\/avatar\\\/97b857c2b07334a0c01d0a4c9531e3bbfbced011ed68c984b0e56002a21bde47?s=96&d=mm&r=g\",\"url\":\"https:\\\/\\\/secure.gravatar.com\\\/avatar\\\/97b857c2b07334a0c01d0a4c9531e3bbfbced011ed68c984b0e56002a21bde47?s=96&d=mm&r=g\",\"contentUrl\":\"https:\\\/\\\/secure.gravatar.com\\\/avatar\\\/97b857c2b07334a0c01d0a4c9531e3bbfbced011ed68c984b0e56002a21bde47?s=96&d=mm&r=g\",\"caption\":\"smartbugmedia\"},\"url\":\"https:\\\/\\\/www.fondationdegaspebeaubien.org\\\/fr\\\/author\\\/cms\\\/\"}]}<\/script>\n<!-- \/ Yoast SEO plugin. -->","yoast_head_json":{"title":"La Fondation de Gasp\u00e9 Beaubien donne 1 M $ pour soutenir la recherche et l\u2019innovation qu\u00e9b\u00e9coise - Fondation de Gasp\u00e9 Beaubien","robots":{"index":"index","follow":"follow","max-snippet":"max-snippet:-1","max-image-preview":"max-image-preview:large","max-video-preview":"max-video-preview:-1"},"canonical":"https:\/\/www.fondationdegaspebeaubien.org\/fr\/la-fondation-de-gaspe-beaubien-donne-1-m-pour-soutenir-la-recherche-et-linnovation-quebecoise\/","og_locale":"fr_FR","og_type":"article","og_title":"La Fondation de Gasp\u00e9 Beaubien donne 1 M $ pour soutenir la recherche et l\u2019innovation qu\u00e9b\u00e9coise - Fondation de Gasp\u00e9 Beaubien","og_description":"La Fondation de Gasp\u00e9 Beaubien donne 1 M $ \u00e0 l\u2019\u00c9cole de technologie sup\u00e9rieure pour soutenir la recherche et l\u2019innovation qu\u00e9b\u00e9coise sur cinq ans. Ce don permettra notamment de cr\u00e9er une nouvelle chaire de recherche et de lancer un programme de bourses en entrepreneuriat.","og_url":"https:\/\/www.fondationdegaspebeaubien.org\/fr\/la-fondation-de-gaspe-beaubien-donne-1-m-pour-soutenir-la-recherche-et-linnovation-quebecoise\/","og_site_name":"Fondation de Gasp\u00e9 Beaubien","article_published_time":"2016-04-07T21:22:10+00:00","article_modified_time":"2019-09-12T19:49:01+00:00","og_image":[{"width":1024,"height":683,"url":"https:\/\/www.fondationdegaspebeaubien.org\/wp-content\/uploads\/2016\/04\/ETS_Tous-1024x683.jpg","type":"image\/jpeg"}],"author":"smartbugmedia","twitter_card":"summary_large_image","twitter_misc":{"\u00c9crit par":"smartbugmedia","Dur\u00e9e de lecture estim\u00e9e":"2 minutes"},"schema":{"@context":"https:\/\/schema.org","@graph":[{"@type":"Article","@id":"https:\/\/www.fondationdegaspebeaubien.org\/fr\/la-fondation-de-gaspe-beaubien-donne-1-m-pour-soutenir-la-recherche-et-linnovation-quebecoise\/#article","isPartOf":{"@id":"https:\/\/www.fondationdegaspebeaubien.org\/fr\/la-fondation-de-gaspe-beaubien-donne-1-m-pour-soutenir-la-recherche-et-linnovation-quebecoise\/"},"author":{"name":"smartbugmedia","@id":"https:\/\/www.fondationdegaspebeaubien.org\/en\/#\/schema\/person\/e84c883213d8e6cb00f1775074c74263"},"headline":"La Fondation de Gasp\u00e9 Beaubien donne 1 M $ pour soutenir la recherche et l\u2019innovation qu\u00e9b\u00e9coise","datePublished":"2016-04-07T21:22:10+00:00","dateModified":"2019-09-12T19:49:01+00:00","mainEntityOfPage":{"@id":"https:\/\/www.fondationdegaspebeaubien.org\/fr\/la-fondation-de-gaspe-beaubien-donne-1-m-pour-soutenir-la-recherche-et-linnovation-quebecoise\/"},"wordCount":380,"commentCount":0,"image":{"@id":"https:\/\/www.fondationdegaspebeaubien.org\/fr\/la-fondation-de-gaspe-beaubien-donne-1-m-pour-soutenir-la-recherche-et-linnovation-quebecoise\/#primaryimage"},"thumbnailUrl":"https:\/\/www.fondationdegaspebeaubien.org\/wp-content\/uploads\/2016\/04\/ETS_Tous.jpg","articleSection":["Familles en affaires - Archives"],"inLanguage":"fr-FR","potentialAction":[{"@type":"CommentAction","name":"Comment","target":["https:\/\/www.fondationdegaspebeaubien.org\/fr\/la-fondation-de-gaspe-beaubien-donne-1-m-pour-soutenir-la-recherche-et-linnovation-quebecoise\/#respond"]}]},{"@type":"WebPage","@id":"https:\/\/www.fondationdegaspebeaubien.org\/fr\/la-fondation-de-gaspe-beaubien-donne-1-m-pour-soutenir-la-recherche-et-linnovation-quebecoise\/","url":"https:\/\/www.fondationdegaspebeaubien.org\/fr\/la-fondation-de-gaspe-beaubien-donne-1-m-pour-soutenir-la-recherche-et-linnovation-quebecoise\/","name":"La Fondation de Gasp\u00e9 Beaubien donne 1 M $ pour soutenir la recherche et l\u2019innovation qu\u00e9b\u00e9coise - Fondation de Gasp\u00e9 Beaubien","isPartOf":{"@id":"https:\/\/www.fondationdegaspebeaubien.org\/en\/#website"},"primaryImageOfPage":{"@id":"https:\/\/www.fondationdegaspebeaubien.org\/fr\/la-fondation-de-gaspe-beaubien-donne-1-m-pour-soutenir-la-recherche-et-linnovation-quebecoise\/#primaryimage"},"image":{"@id":"https:\/\/www.fondationdegaspebeaubien.org\/fr\/la-fondation-de-gaspe-beaubien-donne-1-m-pour-soutenir-la-recherche-et-linnovation-quebecoise\/#primaryimage"},"thumbnailUrl":"https:\/\/www.fondationdegaspebeaubien.org\/wp-content\/uploads\/2016\/04\/ETS_Tous.jpg","datePublished":"2016-04-07T21:22:10+00:00","dateModified":"2019-09-12T19:49:01+00:00","author":{"@id":"https:\/\/www.fondationdegaspebeaubien.org\/en\/#\/schema\/person\/e84c883213d8e6cb00f1775074c74263"},"breadcrumb":{"@id":"https:\/\/www.fondationdegaspebeaubien.org\/fr\/la-fondation-de-gaspe-beaubien-donne-1-m-pour-soutenir-la-recherche-et-linnovation-quebecoise\/#breadcrumb"},"inLanguage":"fr-FR","potentialAction":[{"@type":"ReadAction","target":["https:\/\/www.fondationdegaspebeaubien.org\/fr\/la-fondation-de-gaspe-beaubien-donne-1-m-pour-soutenir-la-recherche-et-linnovation-quebecoise\/"]}]},{"@type":"ImageObject","inLanguage":"fr-FR","@id":"https:\/\/www.fondationdegaspebeaubien.org\/fr\/la-fondation-de-gaspe-beaubien-donne-1-m-pour-soutenir-la-recherche-et-linnovation-quebecoise\/#primaryimage","url":"https:\/\/www.fondationdegaspebeaubien.org\/wp-content\/uploads\/2016\/04\/ETS_Tous.jpg","contentUrl":"https:\/\/www.fondationdegaspebeaubien.org\/wp-content\/uploads\/2016\/04\/ETS_Tous.jpg","width":3533,"height":2355},{"@type":"BreadcrumbList","@id":"https:\/\/www.fondationdegaspebeaubien.org\/fr\/la-fondation-de-gaspe-beaubien-donne-1-m-pour-soutenir-la-recherche-et-linnovation-quebecoise\/#breadcrumb","itemListElement":[{"@type":"ListItem","position":1,"name":"Home","item":"https:\/\/www.fondationdegaspebeaubien.org\/fr\/"},{"@type":"ListItem","position":2,"name":"La Fondation de Gasp\u00e9 Beaubien donne 1 M $ pour soutenir la recherche et l\u2019innovation qu\u00e9b\u00e9coise"}]},{"@type":"WebSite","@id":"https:\/\/www.fondationdegaspebeaubien.org\/en\/#website","url":"https:\/\/www.fondationdegaspebeaubien.org\/en\/","name":"Fondation de Gasp\u00e9 Beaubien","description":"Appuyer le changement au sein de la communaut\u00e9","potentialAction":[{"@type":"SearchAction","target":{"@type":"EntryPoint","urlTemplate":"https:\/\/www.fondationdegaspebeaubien.org\/en\/?s={search_term_string}"},"query-input":{"@type":"PropertyValueSpecification","valueRequired":true,"valueName":"search_term_string"}}],"inLanguage":"fr-FR"},{"@type":"Person","@id":"https:\/\/www.fondationdegaspebeaubien.org\/en\/#\/schema\/person\/e84c883213d8e6cb00f1775074c74263","name":"smartbugmedia","image":{"@type":"ImageObject","inLanguage":"fr-FR","@id":"https:\/\/secure.gravatar.com\/avatar\/97b857c2b07334a0c01d0a4c9531e3bbfbced011ed68c984b0e56002a21bde47?s=96&d=mm&r=g","url":"https:\/\/secure.gravatar.com\/avatar\/97b857c2b07334a0c01d0a4c9531e3bbfbced011ed68c984b0e56002a21bde47?s=96&d=mm&r=g","contentUrl":"https:\/\/secure.gravatar.com\/avatar\/97b857c2b07334a0c01d0a4c9531e3bbfbced011ed68c984b0e56002a21bde47?s=96&d=mm&r=g","caption":"smartbugmedia"},"url":"https:\/\/www.fondationdegaspebeaubien.org\/fr\/author\/cms\/"}]}},"_links":{"self":[{"href":"https:\/\/www.fondationdegaspebeaubien.org\/fr\/wp-json\/wp\/v2\/posts\/943","targetHints":{"allow":["GET"]}}],"collection":[{"href":"https:\/\/www.fondationdegaspebeaubien.org\/fr\/wp-json\/wp\/v2\/posts"}],"about":[{"href":"https:\/\/www.fondationdegaspebeaubien.org\/fr\/wp-json\/wp\/v2\/types\/post"}],"author":[{"embeddable":true,"href":"https:\/\/www.fondationdegaspebeaubien.org\/fr\/wp-json\/wp\/v2\/users\/1"}],"replies":[{"embeddable":true,"href":"https:\/\/www.fondationdegaspebeaubien.org\/fr\/wp-json\/wp\/v2\/comments?post=943"}],"version-history":[{"count":1,"href":"https:\/\/www.fondationdegaspebeaubien.org\/fr\/wp-json\/wp\/v2\/posts\/943\/revisions"}],"predecessor-version":[{"id":1028,"href":"https:\/\/www.fondationdegaspebeaubien.org\/fr\/wp-json\/wp\/v2\/posts\/943\/revisions\/1028"}],"wp:featuredmedia":[{"embeddable":true,"href":"https:\/\/www.fondationdegaspebeaubien.org\/fr\/wp-json\/wp\/v2\/media\/1062"}],"wp:attachment":[{"href":"https:\/\/www.fondationdegaspebeaubien.org\/fr\/wp-json\/wp\/v2\/media?parent=943"}],"wp:term":[{"taxonomy":"category","embeddable":true,"href":"https:\/\/www.fondationdegaspebeaubien.org\/fr\/wp-json\/wp\/v2\/categories?post=943"},{"taxonomy":"post_tag","embeddable":true,"href":"https:\/\/www.fondationdegaspebeaubien.org\/fr\/wp-json\/wp\/v2\/tags?post=943"}],"curies":[{"name":"wp","href":"https:\/\/api.w.org\/{rel}","templated":true}]}}